{"id":15487,"date":"2015-09-20T23:29:13","date_gmt":"2015-09-21T02:29:13","guid":{"rendered":"https:\/\/ligamercedina.com\/web\/?p=15487"},"modified":"2015-09-22T22:42:12","modified_gmt":"2015-09-23T01:42:12","slug":"infanto-juvenil-resultados-fecha-2","status":"publish","type":"post","link":"https:\/\/ligamercedina.com\/web\/infanto-juvenil-resultados-fecha-2\/","title":{"rendered":"INFANTO-JUVENIL: RESULTADOS FECHA 2"},"content":{"rendered":"<blockquote><p><strong>PABELLON ARGENTINO \u2013 VELEZ<\/strong><\/p><\/blockquote>\n<p>Categor\u00eda 2003: <strong>2<\/strong> (Ignacio Sosa, Patricio Venditti) &#8211; <strong>0<\/strong><br \/>\nCategor\u00eda 2002: <strong>1<\/strong> (Jairo G\u00f3mez) &#8211; <strong>1<\/strong> (Franco Cruz)<br \/>\nCategor\u00eda 2001: <strong>2<\/strong> (Valent\u00edn De Antoni, Mat\u00edas Mandaradoni) &#8211; <strong>0<\/strong><br \/>\nCategor\u00eda 2000: <strong>2<\/strong> (Bautista Olgiati, Pedro Blanco) &#8211; <strong>0<\/strong><br \/>\nCategor\u00eda 99\/98: <strong>1<\/strong> (Franco Monz\u00f3n) &#8211; <strong>0<\/strong><\/p>\n<blockquote><p><strong>ATENEO \u2013 EL FRONTON<\/strong><\/p><\/blockquote>\n<p>Categor\u00eda 2006: <strong>4<\/strong> (Patricio Funcia, Ignacio Iliarucci 2, Mateo Murari) &#8211; <strong>0<\/strong><br \/>\nCategor\u00eda 2005: <strong>0 &#8211; 2<\/strong> (Dylan Cejas, Tiago Fern\u00e1ndez)<br \/>\nCategor\u00eda 2004: <strong>1<\/strong> (Felipe Aschero) &#8211; <strong>1<\/strong> (M\u00e1ximo Tamer)<br \/>\nCategor\u00eda 2003: <strong>0 &#8211; 1<\/strong> (Milton Pacheco)<br \/>\nCategor\u00eda 2002: <strong>1<\/strong> (Juan Silveyra) &#8211; <strong>1<\/strong> (Agust\u00edn Yaben)<br \/>\nCategor\u00eda 2001: <strong>2<\/strong> (Pedro Cejas 2) &#8211; <strong>1<\/strong> (Iv\u00e1n Amdor)<br \/>\nCategor\u00eda 2000: <strong>0 &#8211; 3<\/strong> (Joaqu\u00edn Casado 3)<br \/>\nCategor\u00eda 99\/98: <strong>2<\/strong> (I\u00f1aqui Barosela, Leonardo Chaparro) &#8211; <strong>2<\/strong> (Pedro Freggiaro, Francisco Tallarico)<\/p>\n<blockquote><p><strong>LOS PALOMETAS \u2013 UNION CARME\u00d1A<\/strong><\/p><\/blockquote>\n<p>Categor\u00eda 2006: <strong>0 &#8211; 2<\/strong> (Javier Lynch, Tom\u00e1s Unzu\u00e9)<br \/>\nCategor\u00eda 2005: <strong>0 &#8211; 0<\/strong><br \/>\nCategor\u00eda 2004: <strong>1<\/strong> (Josu\u00e9 Moretti) &#8211; <strong>1<\/strong> (Benjam\u00edn Negri)<br \/>\nCategor\u00eda 2003: <strong>0 &#8211; 7<\/strong> (Ramiro Vel\u00e1zquez 4, Alan Benavidez, Juan Carretero, Juan P\u00e9rez)<br \/>\nCategor\u00eda 2002: <strong>0 &#8211; 1<\/strong> (Jorge Guevara)<br \/>\nCategor\u00eda 99\/98: <strong>0 &#8211; 1<\/strong> (Nicol\u00e1s Puchetta)<\/p>\n<blockquote><p><strong>COMUNICACIONES \u2013 MERCEDES \u201cA\u201d<\/strong><\/p><\/blockquote>\n<p>Categor\u00eda 2006: <strong>1<\/strong> (Marcos Benedetti ) &#8211; <strong>4<\/strong> (Bautista Cariaca, Mateo Lima 2, M\u00e1ximo Jerez)<br \/>\nCategor\u00eda 2005: <strong>2<\/strong> (Mateo De Andrea, Ger\u00f3nimo Minetti) &#8211; <strong>0<\/strong><br \/>\nCategor\u00eda 2004: <strong>2<\/strong> (Kevin Coronel, Tom\u00e1s Lucero) &#8211; <strong>1<\/strong> (Franco Lima)<br \/>\nCategor\u00eda 2003: <strong>0 &#8211; 6<\/strong> (Bautista Respuela 5, Juan Basile)<br \/>\nCategor\u00eda 2002: <strong>1<\/strong> (Lucas Vargas) &#8211; <strong>0<\/strong><br \/>\nCategor\u00eda 2001: <strong>1<\/strong> (Jer\u00f3nimo Navarro) &#8211; <strong>3<\/strong> (Franco Novo, Lucas Ramallo, Ramiro Zeballos)<br \/>\nCategor\u00eda 2000: <strong>3<\/strong>  (Marcelo Andrade, Cristian Barroca, Aldo Ram\u00edrez) &#8211; <strong>3<\/strong> (Antonio Luther, Carlos Mallorqu\u00edn, Daniel Ojeda)<\/p>\n<blockquote><p><strong>UNION \u2013 DEFENSORES<\/strong><\/p><\/blockquote>\n<p>Categor\u00eda 2006: <strong>8<\/strong> (Santiago Cagnone 3, Rosendo Morales, Mat\u00edas Siri 2, Benjam\u00edn Soler, Valent\u00edn  Tropea) &#8211; <strong>0<\/strong><br \/>\nCategor\u00eda 2005: <strong>1<\/strong> (Pablo D\u00edaz) &#8211; <strong>0<\/strong><br \/>\nCategor\u00eda 2004: <strong>2<\/strong> (Leonardo Beltrame, Tob\u00edas Gim\u00e9nez) &#8211; <strong>0<\/strong><br \/>\nCategor\u00eda 2003: <strong>1<\/strong> (Valent\u00edn Russi) &#8211; <strong>1<\/strong> (Jos\u00e9 Cejas)<br \/>\nCategor\u00eda 2002: <strong>2<\/strong> (Nicol\u00e1s Balbi, Juan Coria) &#8211; <strong>1<\/strong> (Lucas Miranda)<br \/>\nCategor\u00eda 2000: <strong>0 &#8211; 1<\/strong><\/p>\n<blockquote><p><strong>JUVENTUD \u2013 ESTUDIANTES<\/strong><\/p><\/blockquote>\n<p>Categor\u00eda 2006: <strong>3<\/strong> (Thiago Perroni, Tiziano Romagnoli, Vicen Stillisano) &#8211; <strong>1<\/strong> (Dylan Ram\u00edrez)<br \/>\nCategor\u00eda 2005: <strong>0 &#8211; 6<\/strong> (Lucas Barrag\u00e1n 2, Joaqu\u00edn Ferreira, Valent\u00edn R\u00edos 2, Franco Adorno)<br \/>\nCategor\u00eda 2004: <strong>0 &#8211; 2<\/strong> (Mat\u00edas Videla, Juan Dell\u2019Oro)<br \/>\nCategor\u00eda 2003: <strong>2<\/strong> (Francisco Torres 2) &#8211; <strong>0<\/strong><br \/>\nCategor\u00eda 2002: <strong>2<\/strong> (Pedro G\u00f3mez,  Juan Martirene) &#8211; <strong>0<\/strong><br \/>\nCategor\u00eda 2001: <strong>1<\/strong> (Santiago Correa) &#8211; <strong>3<\/strong> (Lautaro Alvarito, Lautaro Arce, Gonzalo Balbidares)<br \/>\nCategor\u00eda 2000: <strong>2<\/strong> (Estanislao L\u00f3pez, Franco Taborda) &#8211; <strong>1<\/strong> (Blas Lossino)<br \/>\nCategor\u00eda 99\/98: <strong>0 &#8211; 2<\/strong> (Diego Castro 2)<\/p>\n<blockquote><p><strong>MERCEDES \u2013 QUILMES<\/strong><\/p><\/blockquote>\n<p>Categor\u00eda 2006: <strong>3<\/strong> (Manuel Lasala, Agust\u00edn Rebagliati, Felipe Ru\u00edz D\u00edaz) &#8211; <strong>1<\/strong> (Alejandro Odda)<br \/>\nCategor\u00eda 2005: <strong>3<\/strong> (Rom\u00e1n Lanegrasse, Tadeo Lecouna, Vicente San Pedro) &#8211; <strong>0<\/strong><br \/>\nCategor\u00eda 2004: <strong>0 &#8211; 3<\/strong> (Jerem\u00edas Flores, Joaqu\u00edn Guzm\u00e1n 2)<br \/>\nCategor\u00eda 2003: <strong>0 &#8211; 2<\/strong> (Francisco Marzano, Luka Tello)<br \/>\nCategor\u00eda 2002:  <strong>2<\/strong> (Leandro Amado, Franco Rebagliatti) &#8211; <strong>0<\/strong><br \/>\nCategor\u00eda 2001: <strong>2<\/strong> (Juan Calder\u00f3n, Luca Dadea) &#8211; <strong>1<\/strong> (Lucas Fontana)<br \/>\nCategor\u00eda 2000: <strong>2<\/strong> (Mart\u00edn Vega, Mart\u00edn Zuleta) &#8211; <strong>2<\/strong> (Mauricio Escudero, Bruno Ivaldi)<br \/>\nCategor\u00eda 99\/98: <strong>0 &#8211; 0<\/strong><\/p>\n","protected":false},"excerpt":{"rendered":"<p>PABELLON ARGENTINO \u2013 VELEZ Categor\u00eda 2003: 2 (Ignacio Sosa, Patricio Venditti) &#8211; 0 Categor\u00eda 2002: 1 (Jairo G\u00f3mez) &#8211; 1 (Franco Cruz) Categor\u00eda 2001: 2 (Valent\u00edn De Antoni, Mat\u00edas Mandaradoni) &#8211; 0 Categor\u00eda 2000: 2 (Bautista Olgiati, Pedro Blanco) &#8211; 0 Categor\u00eda 99\/98: 1 (Franco Monz\u00f3n) &#8211; 0 ATENEO \u2013 EL FRONTON Categor\u00eda 2006: 4 (Patricio Funcia, Ignacio Iliarucci 2,<\/p>\n","protected":false},"author":2,"featured_media":0,"comment_status":"open","ping_status":"open","sticky":false,"template":"","format":"standard","meta":{"footnotes":""},"categories":[4],"tags":[],"class_list":["post-15487","post","type-post","status-publish","format-standard","hentry","category-informaciongeneral"],"_links":{"self":[{"href":"https:\/\/ligamercedina.com\/web\/wp-json\/wp\/v2\/posts\/15487","targetHints":{"allow":["GET"]}}],"collection":[{"href":"https:\/\/ligamercedina.com\/web\/wp-json\/wp\/v2\/posts"}],"about":[{"href":"https:\/\/ligamercedina.com\/web\/wp-json\/wp\/v2\/types\/post"}],"author":[{"embeddable":true,"href":"https:\/\/ligamercedina.com\/web\/wp-json\/wp\/v2\/users\/2"}],"replies":[{"embeddable":true,"href":"https:\/\/ligamercedina.com\/web\/wp-json\/wp\/v2\/comments?post=15487"}],"version-history":[{"count":3,"href":"https:\/\/ligamercedina.com\/web\/wp-json\/wp\/v2\/posts\/15487\/revisions"}],"predecessor-version":[{"id":15520,"href":"https:\/\/ligamercedina.com\/web\/wp-json\/wp\/v2\/posts\/15487\/revisions\/15520"}],"wp:attachment":[{"href":"https:\/\/ligamercedina.com\/web\/wp-json\/wp\/v2\/media?parent=15487"}],"wp:term":[{"taxonomy":"category","embeddable":true,"href":"https:\/\/ligamercedina.com\/web\/wp-json\/wp\/v2\/categories?post=15487"},{"taxonomy":"post_tag","embeddable":true,"href":"https:\/\/ligamercedina.com\/web\/wp-json\/wp\/v2\/tags?post=15487"}],"curies":[{"name":"wp","href":"https:\/\/api.w.org\/{rel}","templated":true}]}}