{"id":15293,"date":"2015-08-24T15:47:59","date_gmt":"2015-08-24T18:47:59","guid":{"rendered":"https:\/\/ligamercedina.com\/web\/?p=15293"},"modified":"2015-08-24T15:47:59","modified_gmt":"2015-08-24T18:47:59","slug":"primera-division-arranco-el-clausura","status":"publish","type":"post","link":"https:\/\/ligamercedina.com\/web\/primera-division-arranco-el-clausura\/","title":{"rendered":"PRIMERA DIVISION: ARRANCO EL CLAUSURA"},"content":{"rendered":"<p><strong>ATENEO: -2-;<\/strong> Alejandro Auba\u00edn, Oscar Zapata (4), Juan Ram\u00edrez (2)<br \/>\n<strong>EL FRONTON: -7-;<\/strong> Diego Luduea\u00f1a, Mauro Filippini<\/p>\n<p><strong>MERCEDES: -4-;<\/strong> Tiago Portesi, Mat\u00edas Avila, Juan Gatti, Juan Vicente.<br \/>\n<strong>COMUNICACIONES: -2-;<\/strong> Leonardo Arguello, Franco Rodr\u00edguez<\/p>\n<p><strong>PABELLON ARGENTINO: -0-<br \/>\nESTUDIANTES: -1-;<\/strong> Angel Calder\u00f3n<\/p>\n<p><strong>LOS PALOMETAS: -0-<br \/>\nSAN MARCOS FC: -0-<\/strong><\/p>\n<p><strong>TROCHA: -2-;<\/strong> Axel Reyne, Santiago De Almeida<br \/>\n<strong>QUILMES: -1-;<\/strong> Cesar Douat<\/p>\n<p><strong>COSTA BRAVA: -2-;<\/strong> Braian Abaca, Alejandro Mansilla<br \/>\n<strong>VELEZ SARSFIELD: -2- <\/strong><\/p>\n","protected":false},"excerpt":{"rendered":"<p>ATENEO: -2-; Alejandro Auba\u00edn, Oscar Zapata (4), Juan Ram\u00edrez (2) EL FRONTON: -7-; Diego Luduea\u00f1a, Mauro Filippini MERCEDES: -4-; Tiago Portesi, Mat\u00edas Avila, Juan Gatti, Juan Vicente. COMUNICACIONES: -2-; Leonardo Arguello, Franco Rodr\u00edguez PABELLON ARGENTINO: -0- ESTUDIANTES: -1-; Angel Calder\u00f3n LOS PALOMETAS: -0- SAN MARCOS FC: -0- TROCHA: -2-; Axel Reyne, Santiago De Almeida QUILMES: -1-; Cesar Douat COSTA BRAVA:<\/p>\n","protected":false},"author":2,"featured_media":0,"comment_status":"open","ping_status":"open","sticky":false,"template":"","format":"standard","meta":{"footnotes":""},"categories":[4],"tags":[],"class_list":["post-15293","post","type-post","status-publish","format-standard","hentry","category-informaciongeneral"],"_links":{"self":[{"href":"https:\/\/ligamercedina.com\/web\/wp-json\/wp\/v2\/posts\/15293","targetHints":{"allow":["GET"]}}],"collection":[{"href":"https:\/\/ligamercedina.com\/web\/wp-json\/wp\/v2\/posts"}],"about":[{"href":"https:\/\/ligamercedina.com\/web\/wp-json\/wp\/v2\/types\/post"}],"author":[{"embeddable":true,"href":"https:\/\/ligamercedina.com\/web\/wp-json\/wp\/v2\/users\/2"}],"replies":[{"embeddable":true,"href":"https:\/\/ligamercedina.com\/web\/wp-json\/wp\/v2\/comments?post=15293"}],"version-history":[{"count":1,"href":"https:\/\/ligamercedina.com\/web\/wp-json\/wp\/v2\/posts\/15293\/revisions"}],"predecessor-version":[{"id":15294,"href":"https:\/\/ligamercedina.com\/web\/wp-json\/wp\/v2\/posts\/15293\/revisions\/15294"}],"wp:attachment":[{"href":"https:\/\/ligamercedina.com\/web\/wp-json\/wp\/v2\/media?parent=15293"}],"wp:term":[{"taxonomy":"category","embeddable":true,"href":"https:\/\/ligamercedina.com\/web\/wp-json\/wp\/v2\/categories?post=15293"},{"taxonomy":"post_tag","embeddable":true,"href":"https:\/\/ligamercedina.com\/web\/wp-json\/wp\/v2\/tags?post=15293"}],"curies":[{"name":"wp","href":"https:\/\/api.w.org\/{rel}","templated":true}]}}