{"id":15238,"date":"2015-08-07T09:00:47","date_gmt":"2015-08-07T12:00:47","guid":{"rendered":"https:\/\/ligamercedina.com\/web\/?p=15238"},"modified":"2015-08-07T09:00:47","modified_gmt":"2015-08-07T12:00:47","slug":"pabellon-argentino-estudiantes-suspendido","status":"publish","type":"post","link":"https:\/\/ligamercedina.com\/web\/pabellon-argentino-estudiantes-suspendido\/","title":{"rendered":"PABELLON ARGENTINO &#8211; ESTUDIANTES SUSPENDIDO"},"content":{"rendered":"<blockquote><p><strong>Por condiciones clim\u00e0ticas se confirma tambi\u00e8n la suspensi\u00f3n de los partidos entre Pabell\u00f3n Argentino y Estudiantes (Primera y Reserva)<\/strong><\/p><\/blockquote>\n","protected":false},"excerpt":{"rendered":"<p>Por condiciones clim\u00e0ticas se confirma tambi\u00e8n la suspensi\u00f3n de los partidos entre Pabell\u00f3n Argentino y Estudiantes (Primera y Reserva)<\/p>\n","protected":false},"author":2,"featured_media":0,"comment_status":"open","ping_status":"open","sticky":false,"template":"","format":"standard","meta":{"footnotes":""},"categories":[4],"tags":[],"class_list":["post-15238","post","type-post","status-publish","format-standard","hentry","category-informaciongeneral"],"_links":{"self":[{"href":"https:\/\/ligamercedina.com\/web\/wp-json\/wp\/v2\/posts\/15238","targetHints":{"allow":["GET"]}}],"collection":[{"href":"https:\/\/ligamercedina.com\/web\/wp-json\/wp\/v2\/posts"}],"about":[{"href":"https:\/\/ligamercedina.com\/web\/wp-json\/wp\/v2\/types\/post"}],"author":[{"embeddable":true,"href":"https:\/\/ligamercedina.com\/web\/wp-json\/wp\/v2\/users\/2"}],"replies":[{"embeddable":true,"href":"https:\/\/ligamercedina.com\/web\/wp-json\/wp\/v2\/comments?post=15238"}],"version-history":[{"count":1,"href":"https:\/\/ligamercedina.com\/web\/wp-json\/wp\/v2\/posts\/15238\/revisions"}],"predecessor-version":[{"id":15239,"href":"https:\/\/ligamercedina.com\/web\/wp-json\/wp\/v2\/posts\/15238\/revisions\/15239"}],"wp:attachment":[{"href":"https:\/\/ligamercedina.com\/web\/wp-json\/wp\/v2\/media?parent=15238"}],"wp:term":[{"taxonomy":"category","embeddable":true,"href":"https:\/\/ligamercedina.com\/web\/wp-json\/wp\/v2\/categories?post=15238"},{"taxonomy":"post_tag","embeddable":true,"href":"https:\/\/ligamercedina.com\/web\/wp-json\/wp\/v2\/tags?post=15238"}],"curies":[{"name":"wp","href":"https:\/\/api.w.org\/{rel}","templated":true}]}}