{"id":15232,"date":"2015-08-05T08:22:09","date_gmt":"2015-08-05T11:22:09","guid":{"rendered":"https:\/\/ligamercedina.com\/web\/?p=15232"},"modified":"2015-08-05T08:22:09","modified_gmt":"2015-08-05T11:22:09","slug":"primera-reserva-costa-brava-velez-suspendido","status":"publish","type":"post","link":"https:\/\/ligamercedina.com\/web\/primera-reserva-costa-brava-velez-suspendido\/","title":{"rendered":"PRIMERA-RESERVA: COSTA BRAVA &#8211; VELEZ SUSPENDIDO"},"content":{"rendered":"<blockquote><p><strong>Se informa que debido a que la Polic\u00eda de la ciudad de Suipacha no puede cumplir con el operativo de seguridad el pr\u00f3ximo s\u00e1bado, se postergan los partidos que deb\u00edan jugar Costa Brava &#8211; V\u00e9lez Sarsfield, tanto en Primera como en Reserva.<br \/>\nEl motivo de la imposibilidad de la Polic\u00eda es por la realizaci\u00f3n de las elecciones PASO del d\u00eda domingo.<\/strong><\/p><\/blockquote>\n","protected":false},"excerpt":{"rendered":"<p>Se informa que debido a que la Polic\u00eda de la ciudad de Suipacha no puede cumplir con el operativo de seguridad el pr\u00f3ximo s\u00e1bado, se postergan los partidos que deb\u00edan jugar Costa Brava &#8211; V\u00e9lez Sarsfield, tanto en Primera como en Reserva. El motivo de la imposibilidad de la Polic\u00eda es por la realizaci\u00f3n de las elecciones PASO del d\u00eda<\/p>\n","protected":false},"author":2,"featured_media":0,"comment_status":"open","ping_status":"open","sticky":false,"template":"","format":"standard","meta":{"footnotes":""},"categories":[4],"tags":[],"class_list":["post-15232","post","type-post","status-publish","format-standard","hentry","category-informaciongeneral"],"_links":{"self":[{"href":"https:\/\/ligamercedina.com\/web\/wp-json\/wp\/v2\/posts\/15232","targetHints":{"allow":["GET"]}}],"collection":[{"href":"https:\/\/ligamercedina.com\/web\/wp-json\/wp\/v2\/posts"}],"about":[{"href":"https:\/\/ligamercedina.com\/web\/wp-json\/wp\/v2\/types\/post"}],"author":[{"embeddable":true,"href":"https:\/\/ligamercedina.com\/web\/wp-json\/wp\/v2\/users\/2"}],"replies":[{"embeddable":true,"href":"https:\/\/ligamercedina.com\/web\/wp-json\/wp\/v2\/comments?post=15232"}],"version-history":[{"count":1,"href":"https:\/\/ligamercedina.com\/web\/wp-json\/wp\/v2\/posts\/15232\/revisions"}],"predecessor-version":[{"id":15233,"href":"https:\/\/ligamercedina.com\/web\/wp-json\/wp\/v2\/posts\/15232\/revisions\/15233"}],"wp:attachment":[{"href":"https:\/\/ligamercedina.com\/web\/wp-json\/wp\/v2\/media?parent=15232"}],"wp:term":[{"taxonomy":"category","embeddable":true,"href":"https:\/\/ligamercedina.com\/web\/wp-json\/wp\/v2\/categories?post=15232"},{"taxonomy":"post_tag","embeddable":true,"href":"https:\/\/ligamercedina.com\/web\/wp-json\/wp\/v2\/tags?post=15232"}],"curies":[{"name":"wp","href":"https:\/\/api.w.org\/{rel}","templated":true}]}}