{"id":15225,"date":"2015-08-03T19:19:31","date_gmt":"2015-08-03T22:19:31","guid":{"rendered":"https:\/\/ligamercedina.com\/web\/?p=15225"},"modified":"2015-08-03T19:19:31","modified_gmt":"2015-08-03T22:19:31","slug":"la-seleccion-sub-15-debuta-este-martes","status":"publish","type":"post","link":"https:\/\/ligamercedina.com\/web\/la-seleccion-sub-15-debuta-este-martes\/","title":{"rendered":"LA SELECCION SUB 15 DEBUTA ESTE MARTES"},"content":{"rendered":"<blockquote><p><strong>Ma\u00f1ana martes, desde las 19:30 horas, en cancha de la Liga Mercedina se pondr\u00e1 en marcha la etapa Federaci\u00f3n Norte del Torneo Nacional de Selecciones Sub 15. All\u00ed estar\u00e1n jugando las selecciones de Mercedes y Chivilcoy.<br \/>\nEn principio, este partido estaba previsto para el pasado s\u00e1bado pero por condiciones clim\u00e1ticas, finalmente se debi\u00f3 postergar para ma\u00f1ana martes.<\/strong><\/p><\/blockquote>\n","protected":false},"excerpt":{"rendered":"<p>Ma\u00f1ana martes, desde las 19:30 horas, en cancha de la Liga Mercedina se pondr\u00e1 en marcha la etapa Federaci\u00f3n Norte del Torneo Nacional de Selecciones Sub 15. All\u00ed estar\u00e1n jugando las selecciones de Mercedes y Chivilcoy. En principio, este partido estaba previsto para el pasado s\u00e1bado pero por condiciones clim\u00e1ticas, finalmente se debi\u00f3 postergar para ma\u00f1ana martes.<\/p>\n","protected":false},"author":2,"featured_media":0,"comment_status":"open","ping_status":"open","sticky":false,"template":"","format":"standard","meta":{"footnotes":""},"categories":[4],"tags":[],"class_list":["post-15225","post","type-post","status-publish","format-standard","hentry","category-informaciongeneral"],"_links":{"self":[{"href":"https:\/\/ligamercedina.com\/web\/wp-json\/wp\/v2\/posts\/15225","targetHints":{"allow":["GET"]}}],"collection":[{"href":"https:\/\/ligamercedina.com\/web\/wp-json\/wp\/v2\/posts"}],"about":[{"href":"https:\/\/ligamercedina.com\/web\/wp-json\/wp\/v2\/types\/post"}],"author":[{"embeddable":true,"href":"https:\/\/ligamercedina.com\/web\/wp-json\/wp\/v2\/users\/2"}],"replies":[{"embeddable":true,"href":"https:\/\/ligamercedina.com\/web\/wp-json\/wp\/v2\/comments?post=15225"}],"version-history":[{"count":1,"href":"https:\/\/ligamercedina.com\/web\/wp-json\/wp\/v2\/posts\/15225\/revisions"}],"predecessor-version":[{"id":15226,"href":"https:\/\/ligamercedina.com\/web\/wp-json\/wp\/v2\/posts\/15225\/revisions\/15226"}],"wp:attachment":[{"href":"https:\/\/ligamercedina.com\/web\/wp-json\/wp\/v2\/media?parent=15225"}],"wp:term":[{"taxonomy":"category","embeddable":true,"href":"https:\/\/ligamercedina.com\/web\/wp-json\/wp\/v2\/categories?post=15225"},{"taxonomy":"post_tag","embeddable":true,"href":"https:\/\/ligamercedina.com\/web\/wp-json\/wp\/v2\/tags?post=15225"}],"curies":[{"name":"wp","href":"https:\/\/api.w.org\/{rel}","templated":true}]}}