{"id":15223,"date":"2015-08-03T19:15:38","date_gmt":"2015-08-03T22:15:38","guid":{"rendered":"https:\/\/ligamercedina.com\/web\/?p=15223"},"modified":"2015-08-05T08:15:25","modified_gmt":"2015-08-05T11:15:25","slug":"horarios-para-el-fin-de-semana-85","status":"publish","type":"post","link":"https:\/\/ligamercedina.com\/web\/horarios-para-el-fin-de-semana-85\/","title":{"rendered":"HORARIOS PARA EL FIN DE SEMANA"},"content":{"rendered":"<blockquote><p><strong>PRIMERA DIVISION<\/strong><\/p><\/blockquote>\n<p><em><strong>Viernes 7 de agosto, cancha Liga Mercedina<\/strong><\/em><br \/>\n20:00 hs. Mercedes Vs. Comunicaciones<\/p>\n<p><em><strong>S\u00e1bado 8 de agosto, cancha Liga Mercedina<\/strong><\/em><br \/>\n13:30 hs. Trocha Vs. Quilmes<br \/>\n15:30 hs.  Ateneo Vs. El Front\u00f3n<br \/>\n17:30 hs. Los Palometas Vs. San Marcos<\/p>\n<p><em><strong>S\u00e1bado 8 de agosto, cancha Costa Brava<\/strong><\/em><br \/>\n16:00 hs. Costa Brava Vs. V\u00e9lez<\/p>\n<p><em><strong>S\u00e1bado 8 de agosto, cancha Pabell\u00f3n Argentino<\/strong><\/em><br \/>\n15:45 hs. Pabell\u00f3n Argentino Vs. Estudiantes<\/p>\n<blockquote><p><strong>RESERVA<\/strong><\/p><\/blockquote>\n<p><em><strong>S\u00e1bado 8 de agosto, cancha Ateneo<\/strong><\/em><br \/>\n13:15 hs. Ateneo Vs. El Front\u00f3n<br \/>\n16:00 hs. Trocha Vs. Quilmes<\/p>\n<p><em><strong>S\u00e1bado 8 de agosto, cancha Costa Brava<\/strong><\/em><br \/>\n14:00 hs. Costa Brava Vs. V\u00e9lez<\/p>\n<p><em><strong>S\u00e1bado 8 de agosto, cancha Mercedes<\/strong><\/em><br \/>\n14:00 hs. Los Palometas Vs. San Marcos<br \/>\n16:00 hs. Mercedes Vs. Comunicaciones <\/p>\n<p><em><strong>S\u00e1bado 8 de agosto, cancha Pabell\u00f3n Argentino<\/strong><\/em><br \/>\n13:45 hs. Pabell\u00f3n Argentino Vs. Estudiantes<\/p>\n","protected":false},"excerpt":{"rendered":"<p>PRIMERA DIVISION Viernes 7 de agosto, cancha Liga Mercedina 20:00 hs. Mercedes Vs. Comunicaciones S\u00e1bado 8 de agosto, cancha Liga Mercedina 13:30 hs. Trocha Vs. Quilmes 15:30 hs. Ateneo Vs. El Front\u00f3n 17:30 hs. Los Palometas Vs. San Marcos S\u00e1bado 8 de agosto, cancha Costa Brava 16:00 hs. Costa Brava Vs. V\u00e9lez S\u00e1bado 8 de agosto, cancha Pabell\u00f3n Argentino 15:45<\/p>\n","protected":false},"author":2,"featured_media":0,"comment_status":"open","ping_status":"open","sticky":false,"template":"","format":"standard","meta":{"footnotes":""},"categories":[4],"tags":[],"class_list":["post-15223","post","type-post","status-publish","format-standard","hentry","category-informaciongeneral"],"_links":{"self":[{"href":"https:\/\/ligamercedina.com\/web\/wp-json\/wp\/v2\/posts\/15223","targetHints":{"allow":["GET"]}}],"collection":[{"href":"https:\/\/ligamercedina.com\/web\/wp-json\/wp\/v2\/posts"}],"about":[{"href":"https:\/\/ligamercedina.com\/web\/wp-json\/wp\/v2\/types\/post"}],"author":[{"embeddable":true,"href":"https:\/\/ligamercedina.com\/web\/wp-json\/wp\/v2\/users\/2"}],"replies":[{"embeddable":true,"href":"https:\/\/ligamercedina.com\/web\/wp-json\/wp\/v2\/comments?post=15223"}],"version-history":[{"count":2,"href":"https:\/\/ligamercedina.com\/web\/wp-json\/wp\/v2\/posts\/15223\/revisions"}],"predecessor-version":[{"id":15231,"href":"https:\/\/ligamercedina.com\/web\/wp-json\/wp\/v2\/posts\/15223\/revisions\/15231"}],"wp:attachment":[{"href":"https:\/\/ligamercedina.com\/web\/wp-json\/wp\/v2\/media?parent=15223"}],"wp:term":[{"taxonomy":"category","embeddable":true,"href":"https:\/\/ligamercedina.com\/web\/wp-json\/wp\/v2\/categories?post=15223"},{"taxonomy":"post_tag","embeddable":true,"href":"https:\/\/ligamercedina.com\/web\/wp-json\/wp\/v2\/tags?post=15223"}],"curies":[{"name":"wp","href":"https:\/\/api.w.org\/{rel}","templated":true}]}}