{"id":15221,"date":"2015-07-31T21:12:35","date_gmt":"2015-08-01T00:12:35","guid":{"rendered":"https:\/\/ligamercedina.com\/web\/?p=15221"},"modified":"2015-07-31T21:12:35","modified_gmt":"2015-08-01T00:12:35","slug":"el-sub-15-practica-este-sabado","status":"publish","type":"post","link":"https:\/\/ligamercedina.com\/web\/el-sub-15-practica-este-sabado\/","title":{"rendered":"EL SUB 15 PRACTICA ESTE SABADO"},"content":{"rendered":"<p><strong>A partir de la suspensi\u00f3n del partido que ma\u00f1ana deb\u00edan jugar las selecciones de Mercedes y Chivilcoy por el Torneo Nacional Sub 15, el cuerpo t\u00e9cnico decidi\u00f3 encarar un entrenamiento ma\u00f1ana s\u00e1bado, desde las 15 horas, en el campo de deportes de Club Mercedes.<\/strong><\/p>\n","protected":false},"excerpt":{"rendered":"<p>A partir de la suspensi\u00f3n del partido que ma\u00f1ana deb\u00edan jugar las selecciones de Mercedes y Chivilcoy por el Torneo Nacional Sub 15, el cuerpo t\u00e9cnico decidi\u00f3 encarar un entrenamiento ma\u00f1ana s\u00e1bado, desde las 15 horas, en el campo de deportes de Club Mercedes.<\/p>\n","protected":false},"author":2,"featured_media":0,"comment_status":"open","ping_status":"open","sticky":false,"template":"","format":"standard","meta":{"footnotes":""},"categories":[4],"tags":[],"class_list":["post-15221","post","type-post","status-publish","format-standard","hentry","category-informaciongeneral"],"_links":{"self":[{"href":"https:\/\/ligamercedina.com\/web\/wp-json\/wp\/v2\/posts\/15221","targetHints":{"allow":["GET"]}}],"collection":[{"href":"https:\/\/ligamercedina.com\/web\/wp-json\/wp\/v2\/posts"}],"about":[{"href":"https:\/\/ligamercedina.com\/web\/wp-json\/wp\/v2\/types\/post"}],"author":[{"embeddable":true,"href":"https:\/\/ligamercedina.com\/web\/wp-json\/wp\/v2\/users\/2"}],"replies":[{"embeddable":true,"href":"https:\/\/ligamercedina.com\/web\/wp-json\/wp\/v2\/comments?post=15221"}],"version-history":[{"count":1,"href":"https:\/\/ligamercedina.com\/web\/wp-json\/wp\/v2\/posts\/15221\/revisions"}],"predecessor-version":[{"id":15222,"href":"https:\/\/ligamercedina.com\/web\/wp-json\/wp\/v2\/posts\/15221\/revisions\/15222"}],"wp:attachment":[{"href":"https:\/\/ligamercedina.com\/web\/wp-json\/wp\/v2\/media?parent=15221"}],"wp:term":[{"taxonomy":"category","embeddable":true,"href":"https:\/\/ligamercedina.com\/web\/wp-json\/wp\/v2\/categories?post=15221"},{"taxonomy":"post_tag","embeddable":true,"href":"https:\/\/ligamercedina.com\/web\/wp-json\/wp\/v2\/tags?post=15221"}],"curies":[{"name":"wp","href":"https:\/\/api.w.org\/{rel}","templated":true}]}}