{"id":15219,"date":"2015-07-31T16:48:43","date_gmt":"2015-07-31T19:48:43","guid":{"rendered":"https:\/\/ligamercedina.com\/web\/?p=15219"},"modified":"2015-07-31T16:48:43","modified_gmt":"2015-07-31T19:48:43","slug":"nacional-sub-15-mercedes-chivilcoy-suspendido","status":"publish","type":"post","link":"https:\/\/ligamercedina.com\/web\/nacional-sub-15-mercedes-chivilcoy-suspendido\/","title":{"rendered":"NACIONAL SUB 15: MERCEDES &#8211; CHIVILCOY SUSPENDIDO"},"content":{"rendered":"<blockquote><p><strong>Debido al mal estado de la cancha de la Liga Mercedina de F\u00fatbol, se informa que el partido que este s\u00e1bado deb\u00edan jugar los conjuntos de Mercedes y Chivilcoy, por el Torneo Nacional Sub 15, ha sido suspendido y se reprograma para el pr\u00f3ximo martes a la hora 19:30 horas.<\/strong><\/p><\/blockquote>\n","protected":false},"excerpt":{"rendered":"<p>Debido al mal estado de la cancha de la Liga Mercedina de F\u00fatbol, se informa que el partido que este s\u00e1bado deb\u00edan jugar los conjuntos de Mercedes y Chivilcoy, por el Torneo Nacional Sub 15, ha sido suspendido y se reprograma para el pr\u00f3ximo martes a la hora 19:30 horas.<\/p>\n","protected":false},"author":2,"featured_media":0,"comment_status":"open","ping_status":"open","sticky":false,"template":"","format":"standard","meta":{"footnotes":""},"categories":[4],"tags":[],"class_list":["post-15219","post","type-post","status-publish","format-standard","hentry","category-informaciongeneral"],"_links":{"self":[{"href":"https:\/\/ligamercedina.com\/web\/wp-json\/wp\/v2\/posts\/15219","targetHints":{"allow":["GET"]}}],"collection":[{"href":"https:\/\/ligamercedina.com\/web\/wp-json\/wp\/v2\/posts"}],"about":[{"href":"https:\/\/ligamercedina.com\/web\/wp-json\/wp\/v2\/types\/post"}],"author":[{"embeddable":true,"href":"https:\/\/ligamercedina.com\/web\/wp-json\/wp\/v2\/users\/2"}],"replies":[{"embeddable":true,"href":"https:\/\/ligamercedina.com\/web\/wp-json\/wp\/v2\/comments?post=15219"}],"version-history":[{"count":1,"href":"https:\/\/ligamercedina.com\/web\/wp-json\/wp\/v2\/posts\/15219\/revisions"}],"predecessor-version":[{"id":15220,"href":"https:\/\/ligamercedina.com\/web\/wp-json\/wp\/v2\/posts\/15219\/revisions\/15220"}],"wp:attachment":[{"href":"https:\/\/ligamercedina.com\/web\/wp-json\/wp\/v2\/media?parent=15219"}],"wp:term":[{"taxonomy":"category","embeddable":true,"href":"https:\/\/ligamercedina.com\/web\/wp-json\/wp\/v2\/categories?post=15219"},{"taxonomy":"post_tag","embeddable":true,"href":"https:\/\/ligamercedina.com\/web\/wp-json\/wp\/v2\/tags?post=15219"}],"curies":[{"name":"wp","href":"https:\/\/api.w.org\/{rel}","templated":true}]}}