{"id":15210,"date":"2015-07-28T22:28:33","date_gmt":"2015-07-29T01:28:33","guid":{"rendered":"https:\/\/ligamercedina.com\/web\/?p=15210"},"modified":"2015-07-28T22:28:33","modified_gmt":"2015-07-29T01:28:33","slug":"llamado-a-asamblea-extraordinaria","status":"publish","type":"post","link":"https:\/\/ligamercedina.com\/web\/llamado-a-asamblea-extraordinaria\/","title":{"rendered":"LLAMADO A ASAMBLEA EXTRAORDINARIA"},"content":{"rendered":"<p><strong>CONVOCATORIA A ASAMBLEA EXTRAORDINARIA<\/strong><br \/>\nSe convoca a Asamblea Extraordinaria para el d\u00eda 11 de agosto de 2015, a las 20.00 horas, en la secretaria de la Liga Mercedina de F\u00fatbol, a los efectos de tratar el siguiente,<\/p>\n<p><strong>ORDEN DEL DIA<\/strong><br \/>\n<strong>1)<\/strong> Presentaci\u00f3n del Club Juventud de Suipacha sobre situaci\u00f3n del jugador LOBOS, Facundo en cuanto a un pedido relacionado con el art\u00edculo 40 del Reglamento de Transgresiones y Penas del Consejo Federal.<\/p>\n<p>Daniel Figueredo (Secretario) \u2013 Esteban Marcelo (Presidente)<\/p>\n<p>PARA PARTICIPAR CON VOZ Y VOTO DE LA MISMA LOS CLUBES DEVER\u00c1N ESTAR AL D\u00cdA CON TESORER\u00cdA.-<\/p>\n","protected":false},"excerpt":{"rendered":"<p>CONVOCATORIA A ASAMBLEA EXTRAORDINARIA Se convoca a Asamblea Extraordinaria para el d\u00eda 11 de agosto de 2015, a las 20.00 horas, en la secretaria de la Liga Mercedina de F\u00fatbol, a los efectos de tratar el siguiente, ORDEN DEL DIA 1) Presentaci\u00f3n del Club Juventud de Suipacha sobre situaci\u00f3n del jugador LOBOS, Facundo en cuanto a un pedido relacionado con<\/p>\n","protected":false},"author":2,"featured_media":0,"comment_status":"open","ping_status":"open","sticky":false,"template":"","format":"standard","meta":{"footnotes":""},"categories":[4],"tags":[],"class_list":["post-15210","post","type-post","status-publish","format-standard","hentry","category-informaciongeneral"],"_links":{"self":[{"href":"https:\/\/ligamercedina.com\/web\/wp-json\/wp\/v2\/posts\/15210","targetHints":{"allow":["GET"]}}],"collection":[{"href":"https:\/\/ligamercedina.com\/web\/wp-json\/wp\/v2\/posts"}],"about":[{"href":"https:\/\/ligamercedina.com\/web\/wp-json\/wp\/v2\/types\/post"}],"author":[{"embeddable":true,"href":"https:\/\/ligamercedina.com\/web\/wp-json\/wp\/v2\/users\/2"}],"replies":[{"embeddable":true,"href":"https:\/\/ligamercedina.com\/web\/wp-json\/wp\/v2\/comments?post=15210"}],"version-history":[{"count":1,"href":"https:\/\/ligamercedina.com\/web\/wp-json\/wp\/v2\/posts\/15210\/revisions"}],"predecessor-version":[{"id":15211,"href":"https:\/\/ligamercedina.com\/web\/wp-json\/wp\/v2\/posts\/15210\/revisions\/15211"}],"wp:attachment":[{"href":"https:\/\/ligamercedina.com\/web\/wp-json\/wp\/v2\/media?parent=15210"}],"wp:term":[{"taxonomy":"category","embeddable":true,"href":"https:\/\/ligamercedina.com\/web\/wp-json\/wp\/v2\/categories?post=15210"},{"taxonomy":"post_tag","embeddable":true,"href":"https:\/\/ligamercedina.com\/web\/wp-json\/wp\/v2\/tags?post=15210"}],"curies":[{"name":"wp","href":"https:\/\/api.w.org\/{rel}","templated":true}]}}