{"id":15208,"date":"2015-07-28T22:19:42","date_gmt":"2015-07-29T01:19:42","guid":{"rendered":"https:\/\/ligamercedina.com\/web\/?p=15208"},"modified":"2015-07-28T22:19:42","modified_gmt":"2015-07-29T01:19:42","slug":"este-sabado-debuta-el-sub-15-en-el-nacional-de-selecciones","status":"publish","type":"post","link":"https:\/\/ligamercedina.com\/web\/este-sabado-debuta-el-sub-15-en-el-nacional-de-selecciones\/","title":{"rendered":"ESTE SABADO DEBUTA EL SUB 15 EN EL NACIONAL DE SELECCIONES"},"content":{"rendered":"<p>EL pr\u00f3ximo s\u00e1bado se pondr\u00e1 en marcha el Torneo Nacional de Selecciones Sub 15 en el que nuestro representativo estar\u00e1 actuando en condici\u00f3n de local ante su similiar de Chivilcoy.<br \/>\nEl partido se jugar\u00e1 en cancha de la Liga Mercedina desde las 16 horas, raz\u00f3n por la cual, el conjunto de la Liga viene en su preparaci\u00f3n desde hace ya algunas semanas, a cargo de los entrenadores Luis Fiorelli y Oscar Dadea.<\/p>\n<p>EL PLANTEL DE LA LIGA MERCEDINA ESTA CONFORMADA POR<br \/>\nBenedetti, Guillermo<br \/>\nBidone, Juan Bautista<br \/>\nBigongiari, Manuel<br \/>\nCalder\u00f3n, Juan Gabriel<br \/>\nCasado, Joaqu\u00edn<br \/>\nColli, Jorge Gonzalo<br \/>\nDematei, Juan Ignacio<br \/>\nEncinas, Fabrizio<br \/>\nEscudero Mauricio<br \/>\nFern\u00e1ndez, Augusto<br \/>\nGarc\u00eda, Facundo<br \/>\nGim\u00e9nez, Mat\u00edas<br \/>\nG\u00f3mez, Lautaro<br \/>\nHazi, Tom\u00e1s<br \/>\nHern\u00e1ndez, Dari\u00e1n<br \/>\nIvaldi, Bruno<br \/>\nLahurcade, Maximiliano<br \/>\nLezcano, Nicol\u00e1s<br \/>\nLossino, Blas<br \/>\nLuther, Antonio<br \/>\nMallorquin, Agust\u00edn<br \/>\nPaniagua, Mauricio<br \/>\nRivera, Nicol\u00e1s<br \/>\nRivera, Braian<br \/>\nRodr\u00edguez, Enzo<br \/>\nRosta\u00f1o Barreiro, Benjam\u00edn<br \/>\nSparks, Juan Cristobal<br \/>\nTaborda, Franco<br \/>\nTorres, Laureano<br \/>\nVega, Mart\u00edn<br \/>\nZuleta, Mart\u00edn<strong><\/p>\n<p>DT:<\/strong> Luis Fiorelli &#8211; Oscar Dadea<br \/>\n<strong>AC:<\/strong> Solano Espil<br \/>\n<strong>Entrenador de arqueros:<\/strong> Nicol\u00e1s Borrasca<br \/>\n<strong>PF:<\/strong> Facundo Fiorelli<br \/>\n<strong>Delegado:<\/strong> Ra\u00fal Lezcano<\/p>\n","protected":false},"excerpt":{"rendered":"<p>EL pr\u00f3ximo s\u00e1bado se pondr\u00e1 en marcha el Torneo Nacional de Selecciones Sub 15 en el que nuestro representativo estar\u00e1 actuando en condici\u00f3n de local ante su similiar de Chivilcoy. El partido se jugar\u00e1 en cancha de la Liga Mercedina desde las 16 horas, raz\u00f3n por la cual, el conjunto de la Liga viene en su preparaci\u00f3n desde hace ya<\/p>\n","protected":false},"author":2,"featured_media":0,"comment_status":"open","ping_status":"open","sticky":false,"template":"","format":"standard","meta":{"footnotes":""},"categories":[4],"tags":[],"class_list":["post-15208","post","type-post","status-publish","format-standard","hentry","category-informaciongeneral"],"_links":{"self":[{"href":"https:\/\/ligamercedina.com\/web\/wp-json\/wp\/v2\/posts\/15208","targetHints":{"allow":["GET"]}}],"collection":[{"href":"https:\/\/ligamercedina.com\/web\/wp-json\/wp\/v2\/posts"}],"about":[{"href":"https:\/\/ligamercedina.com\/web\/wp-json\/wp\/v2\/types\/post"}],"author":[{"embeddable":true,"href":"https:\/\/ligamercedina.com\/web\/wp-json\/wp\/v2\/users\/2"}],"replies":[{"embeddable":true,"href":"https:\/\/ligamercedina.com\/web\/wp-json\/wp\/v2\/comments?post=15208"}],"version-history":[{"count":1,"href":"https:\/\/ligamercedina.com\/web\/wp-json\/wp\/v2\/posts\/15208\/revisions"}],"predecessor-version":[{"id":15209,"href":"https:\/\/ligamercedina.com\/web\/wp-json\/wp\/v2\/posts\/15208\/revisions\/15209"}],"wp:attachment":[{"href":"https:\/\/ligamercedina.com\/web\/wp-json\/wp\/v2\/media?parent=15208"}],"wp:term":[{"taxonomy":"category","embeddable":true,"href":"https:\/\/ligamercedina.com\/web\/wp-json\/wp\/v2\/categories?post=15208"},{"taxonomy":"post_tag","embeddable":true,"href":"https:\/\/ligamercedina.com\/web\/wp-json\/wp\/v2\/tags?post=15208"}],"curies":[{"name":"wp","href":"https:\/\/api.w.org\/{rel}","templated":true}]}}