{"id":15206,"date":"2015-07-28T21:45:00","date_gmt":"2015-07-29T00:45:00","guid":{"rendered":"https:\/\/ligamercedina.com\/web\/?p=15206"},"modified":"2015-07-29T20:04:37","modified_gmt":"2015-07-29T23:04:37","slug":"primera-reserva-arranca-el-clausura","status":"publish","type":"post","link":"https:\/\/ligamercedina.com\/web\/primera-reserva-arranca-el-clausura\/","title":{"rendered":"PRIMERA-RESERVA: ARRANCA EL CLAUSURA"},"content":{"rendered":"<ul>\n<blockquote><p><strong><br \/>\nHORARIOS PARA EL FIN DE SEMANA<\/strong><\/p><\/blockquote>\n<\/ul>\n<blockquote><p><strong>PRIMERA DIVISION<\/strong><\/p><\/blockquote>\n<p><em><strong>S\u00e1bado 1 de agosto, cancha Pabell\u00f3n Argentino<\/strong><\/em><br \/>\n15:45 hs. Pabell\u00f3n Argentino Vs. Estudiantes<\/p>\n<p><em><strong>Domingo 2 de agosto, cancha Liga Mercedina<\/strong><\/em><br \/>\n11:00 hs. Mercedes Vs. Comunicaciones<br \/>\n13:00 hs. Trocha Vs. Quilmes<br \/>\n15:00 hs.  Ateneo Vs. El Front\u00f3n<br \/>\n17:00 hs. Los Palometas Vs. San Marcos<\/p>\n<p><em><strong>Domingo 2 de agosto, cancha Costa Brava<\/strong><\/em><br \/>\n16:00 hs. Costa Brava Vs. V\u00e9lez<\/p>\n<blockquote><p><strong>RESERVA<\/strong><\/p><\/blockquote>\n<p><em><strong>S\u00e1bado 1 de agosto, cancha Ateneo<\/strong><\/em><br \/>\n13:30 hs. Trocha Vs. Quilmes<br \/>\n15:30 hs. Ateneo Vs. El Front\u00f3n<\/p>\n<p><em><strong>S\u00e1bado 1 de agosto, cancha Pabell\u00f3n Argentino<\/strong><\/em><br \/>\n13:45 hs. Pabell\u00f3n Argentino Vs. Estudiantes<\/p>\n<p><em><strong>S\u00e1bado 1 de agosto, cancha Mercedes<\/strong><\/em><br \/>\n15:00 hs. Mercedes Vs. Comunicaciones <\/p>\n<p><em><strong>Domingo 2 de agosto, cancha Mercedes<\/strong><\/em><br \/>\n14:30 hs. Los Palometas Vs. San Marcos<\/p>\n","protected":false},"excerpt":{"rendered":"<p>HORARIOS PARA EL FIN DE SEMANA PRIMERA DIVISION S\u00e1bado 1 de agosto, cancha Pabell\u00f3n Argentino 15:45 hs. Pabell\u00f3n Argentino Vs. Estudiantes Domingo 2 de agosto, cancha Liga Mercedina 11:00 hs. Mercedes Vs. Comunicaciones 13:00 hs. Trocha Vs. Quilmes 15:00 hs. Ateneo Vs. El Front\u00f3n 17:00 hs. Los Palometas Vs. San Marcos Domingo 2 de agosto, cancha Costa Brava 16:00 hs.<\/p>\n","protected":false},"author":2,"featured_media":0,"comment_status":"open","ping_status":"open","sticky":false,"template":"","format":"standard","meta":{"footnotes":""},"categories":[4],"tags":[],"class_list":["post-15206","post","type-post","status-publish","format-standard","hentry","category-informaciongeneral"],"_links":{"self":[{"href":"https:\/\/ligamercedina.com\/web\/wp-json\/wp\/v2\/posts\/15206","targetHints":{"allow":["GET"]}}],"collection":[{"href":"https:\/\/ligamercedina.com\/web\/wp-json\/wp\/v2\/posts"}],"about":[{"href":"https:\/\/ligamercedina.com\/web\/wp-json\/wp\/v2\/types\/post"}],"author":[{"embeddable":true,"href":"https:\/\/ligamercedina.com\/web\/wp-json\/wp\/v2\/users\/2"}],"replies":[{"embeddable":true,"href":"https:\/\/ligamercedina.com\/web\/wp-json\/wp\/v2\/comments?post=15206"}],"version-history":[{"count":3,"href":"https:\/\/ligamercedina.com\/web\/wp-json\/wp\/v2\/posts\/15206\/revisions"}],"predecessor-version":[{"id":15215,"href":"https:\/\/ligamercedina.com\/web\/wp-json\/wp\/v2\/posts\/15206\/revisions\/15215"}],"wp:attachment":[{"href":"https:\/\/ligamercedina.com\/web\/wp-json\/wp\/v2\/media?parent=15206"}],"wp:term":[{"taxonomy":"category","embeddable":true,"href":"https:\/\/ligamercedina.com\/web\/wp-json\/wp\/v2\/categories?post=15206"},{"taxonomy":"post_tag","embeddable":true,"href":"https:\/\/ligamercedina.com\/web\/wp-json\/wp\/v2\/tags?post=15206"}],"curies":[{"name":"wp","href":"https:\/\/api.w.org\/{rel}","templated":true}]}}