{"id":15203,"date":"2015-07-27T22:46:26","date_gmt":"2015-07-28T01:46:26","guid":{"rendered":"https:\/\/ligamercedina.com\/web\/?p=15203"},"modified":"2015-07-27T22:46:26","modified_gmt":"2015-07-28T01:46:26","slug":"tribunal-de-disciplina-fallo-18-2","status":"publish","type":"post","link":"https:\/\/ligamercedina.com\/web\/tribunal-de-disciplina-fallo-18-2\/","title":{"rendered":"TRIBUNAL DE DISCIPLINA: FALLO 18"},"content":{"rendered":"<blockquote><p><strong><br \/>\nHONORABLE TRIBUNAL DE PENAS<br \/>\nFALLO N\u00ba 18 \/2015<\/strong><\/p><\/blockquote>\n<p>En la ciudad de Mercedes, Provincia de Buenos Aires, a los 27 d\u00edas del mes de julio de 2015, siendo las 18:00 hs. se re\u00fane el Honorable Tribunal de Penas de la Liga Mercedina de F\u00fatbol, presidido por el Dr. David Valerga, con la presencia de sus integrante, Dr. Mat\u00edas Marchesini, a fin de tratar los siguientes temas:<\/p>\n<p>a) MERCEDES \u2013 ESTUDIANTES (1\u00aa Divisi\u00f3n)<br \/>\nDIAZ, Oscar (Mercedes) \u2013 1 partido de suspensi\u00f3n- art. 207 del R.T.P.<\/p>\n<p>b) SE AMPLIA plazo de cinco d\u00edas para el Club Juventud a los efectos que presente descargo solicitado en Fallo N\u00b0 16. Se basa esta sustentaci\u00f3n en que dicho Club a\u00fan no ha recibido la documentaci\u00f3n necesaria desde la Liga.<\/p>\n<p>c) IMPONER a los siguientes jugadores 1 fecha de suspensi\u00f3n, art. 208 del R.T.P.<br \/>\nQuintana, Ra\u00fal (Estudiantes)<br \/>\nMansilla, Ruben (Estudiantes)<\/p>\n<p><strong>JUGADORES CON CUATRO TARJETAS AMARILLAS<br \/>\n<\/strong><\/p>\n<table style=\"height: 1004px;\" width=\"699\">\n<tbody>\n<tr>\n<td width=\"109\">APELLIDO<\/td>\n<td width=\"103\">NOMBRE<\/td>\n<td width=\"102\">CLUB<\/td>\n<\/tr>\n<tr>\n<td>Morales<\/td>\n<td>Gustavo<\/td>\n<td>Quilmes<\/td>\n<\/tr>\n<tr>\n<td>Giacovino<\/td>\n<td>Cristian<\/td>\n<td>Costa Brava<\/td>\n<\/tr>\n<tr>\n<td>Moyano<\/td>\n<td>Jonathan<\/td>\n<td>Com&#8217;ciones<\/td>\n<\/tr>\n<tr>\n<td>Uviz<\/td>\n<td>Mat\u00edas<\/td>\n<td>Quilmes<\/td>\n<\/tr>\n<tr>\n<td>Hourquiebe<\/td>\n<td>Santiago<\/td>\n<td>Pabell\u00f3n<\/td>\n<\/tr>\n<tr>\n<td>Moyano<\/td>\n<td>Samuel<\/td>\n<td>Com&#8217;ciones<\/td>\n<\/tr>\n<tr>\n<td>Acu\u00f1a<\/td>\n<td>Enzo Oscar<\/td>\n<td>Costa Brava<\/td>\n<\/tr>\n<tr>\n<td>Pineda<\/td>\n<td>Santiago<\/td>\n<td>Pabell\u00f3n<\/td>\n<\/tr>\n<tr>\n<td>Giordano<\/td>\n<td>Bruno<\/td>\n<td>San Marcos<\/td>\n<\/tr>\n<tr>\n<td>An\u00edbal<\/td>\n<td>Leonel<\/td>\n<td>Pabell\u00f3n<\/td>\n<\/tr>\n<tr>\n<td>Rosales<\/td>\n<td>Javier<\/td>\n<td>Palometas<\/td>\n<\/tr>\n<tr>\n<td>Nelchi<\/td>\n<td>Mario<\/td>\n<td>Costa Brava<\/td>\n<\/tr>\n<tr>\n<td>Tapia<\/td>\n<td>Agust\u00edn<\/td>\n<td>Quilmes<\/td>\n<\/tr>\n<tr>\n<td>P\u00e9rez<\/td>\n<td>Facundo<\/td>\n<td>Ateneo<\/td>\n<\/tr>\n<tr>\n<td>Puliti<\/td>\n<td>Federico<\/td>\n<td>Mercedes<\/td>\n<\/tr>\n<tr>\n<td>Sparks<\/td>\n<td>Juan<\/td>\n<td>Mercedes<\/td>\n<\/tr>\n<tr>\n<td>Aquino<\/td>\n<td>Santiago<\/td>\n<td>San Marcos<\/td>\n<\/tr>\n<tr>\n<td>Guarnieri<\/td>\n<td>Nicol\u00e1s<\/td>\n<td>Pabell\u00f3n<\/td>\n<\/tr>\n<tr>\n<td>L\u00f3pez<\/td>\n<td>Rodrigo J<\/td>\n<td>V\u00e9lez<\/td>\n<\/tr>\n<tr>\n<td>Mansilla<\/td>\n<td>Alan<\/td>\n<td>Com&#8217;ciones<\/td>\n<\/tr>\n<tr>\n<td>Vivas<\/td>\n<td>Franco<\/td>\n<td>El Front\u00f3n<\/td>\n<\/tr>\n<tr>\n<td>Fillol<\/td>\n<td>Nicol\u00e1s<\/td>\n<td>Trocha<\/td>\n<\/tr>\n<tr>\n<td>Ag\u00fcero<\/td>\n<td>Nicol\u00e1s<\/td>\n<td>Trocha<\/td>\n<\/tr>\n<tr>\n<td>Clarac<\/td>\n<td>Federico<\/td>\n<td>Juventud<\/td>\n<\/tr>\n<tr>\n<td>Ponce<\/td>\n<td>Juan<\/td>\n<td>Ateneo<\/td>\n<\/tr>\n<tr>\n<td>Nava<\/td>\n<td>Nicol\u00e1s<\/td>\n<td>Estudiantes<\/td>\n<\/tr>\n<tr>\n<td>Medina<\/td>\n<td>Federico<\/td>\n<td>Com&#8217;ciones<\/td>\n<\/tr>\n<tr>\n<td>Culicigno<\/td>\n<td>Manuel<\/td>\n<td>Ateneo<\/td>\n<\/tr>\n<tr>\n<td>Moyano<\/td>\n<td>Braian<\/td>\n<td>Ateneo<\/td>\n<\/tr>\n<tr>\n<td>Avelar<\/td>\n<td>Ezequiel<\/td>\n<td>Mercedes<\/td>\n<\/tr>\n<tr>\n<td>Piccone<\/td>\n<td>Lucas<\/td>\n<td>Estudiantes<\/td>\n<\/tr>\n<\/tbody>\n<\/table>\n","protected":false},"excerpt":{"rendered":"<p>HONORABLE TRIBUNAL DE PENAS FALLO N\u00ba 18 \/2015 En la ciudad de Mercedes, Provincia de Buenos Aires, a los 27 d\u00edas del mes de julio de 2015, siendo las 18:00 hs. se re\u00fane el Honorable Tribunal de Penas de la Liga Mercedina de F\u00fatbol, presidido por el Dr. David Valerga, con la presencia de sus integrante, Dr. Mat\u00edas Marchesini, a<\/p>\n","protected":false},"author":2,"featured_media":0,"comment_status":"open","ping_status":"open","sticky":false,"template":"","format":"standard","meta":{"footnotes":""},"categories":[4],"tags":[],"class_list":["post-15203","post","type-post","status-publish","format-standard","hentry","category-informaciongeneral"],"_links":{"self":[{"href":"https:\/\/ligamercedina.com\/web\/wp-json\/wp\/v2\/posts\/15203","targetHints":{"allow":["GET"]}}],"collection":[{"href":"https:\/\/ligamercedina.com\/web\/wp-json\/wp\/v2\/posts"}],"about":[{"href":"https:\/\/ligamercedina.com\/web\/wp-json\/wp\/v2\/types\/post"}],"author":[{"embeddable":true,"href":"https:\/\/ligamercedina.com\/web\/wp-json\/wp\/v2\/users\/2"}],"replies":[{"embeddable":true,"href":"https:\/\/ligamercedina.com\/web\/wp-json\/wp\/v2\/comments?post=15203"}],"version-history":[{"count":1,"href":"https:\/\/ligamercedina.com\/web\/wp-json\/wp\/v2\/posts\/15203\/revisions"}],"predecessor-version":[{"id":15204,"href":"https:\/\/ligamercedina.com\/web\/wp-json\/wp\/v2\/posts\/15203\/revisions\/15204"}],"wp:attachment":[{"href":"https:\/\/ligamercedina.com\/web\/wp-json\/wp\/v2\/media?parent=15203"}],"wp:term":[{"taxonomy":"category","embeddable":true,"href":"https:\/\/ligamercedina.com\/web\/wp-json\/wp\/v2\/categories?post=15203"},{"taxonomy":"post_tag","embeddable":true,"href":"https:\/\/ligamercedina.com\/web\/wp-json\/wp\/v2\/tags?post=15203"}],"curies":[{"name":"wp","href":"https:\/\/api.w.org\/{rel}","templated":true}]}}