{"id":15184,"date":"2015-07-23T20:15:14","date_gmt":"2015-07-23T23:15:14","guid":{"rendered":"https:\/\/ligamercedina.com\/web\/?p=15184"},"modified":"2015-07-23T20:15:14","modified_gmt":"2015-07-23T23:15:14","slug":"convocatoria-a-reunion-2","status":"publish","type":"post","link":"https:\/\/ligamercedina.com\/web\/convocatoria-a-reunion-2\/","title":{"rendered":"CONVOCATORIA A REUNION"},"content":{"rendered":"<blockquote><p><strong>Desde la Comisi\u00f3n Directiva de la Liga Mercedina se convoca a los se\u00f1ores delegados a una reuni\u00f3n para el pr\u00f3ximo martes 28 de julio, a realizarse en nuestra sede de H\u00e9roes de Malvinas 591, con el fin de analizar diferentes puntos.<br \/>\nSe destaca que entre los temas a tratar se encuentra la continuidad de la temporada para inferiores, luego del receso escolar, como as\u00ed tambi\u00e9n el inicio del Torneo Clausura para Primera y Reserva.<\/p>\n<p>Se solicita que aquellos clubes que tengan alg\u00fan inter\u00e9s en particular, puedan acercarlo no m\u00e1s all\u00e1 del pr\u00f3ximo lunes a las 19:30 con el fin de poder ser anticipado por este medio, y as\u00ed llegar con definiciones al d\u00eda martes, esto teniendo en cuenta la pr\u00f3ximidad de la continuidad de los diferentes cert\u00e1menes.<\/strong><\/p><\/blockquote>\n","protected":false},"excerpt":{"rendered":"<p>Desde la Comisi\u00f3n Directiva de la Liga Mercedina se convoca a los se\u00f1ores delegados a una reuni\u00f3n para el pr\u00f3ximo martes 28 de julio, a realizarse en nuestra sede de H\u00e9roes de Malvinas 591, con el fin de analizar diferentes puntos. Se destaca que entre los temas a tratar se encuentra la continuidad de la temporada para inferiores, luego del<\/p>\n","protected":false},"author":2,"featured_media":0,"comment_status":"open","ping_status":"open","sticky":false,"template":"","format":"standard","meta":{"footnotes":""},"categories":[4],"tags":[],"class_list":["post-15184","post","type-post","status-publish","format-standard","hentry","category-informaciongeneral"],"_links":{"self":[{"href":"https:\/\/ligamercedina.com\/web\/wp-json\/wp\/v2\/posts\/15184","targetHints":{"allow":["GET"]}}],"collection":[{"href":"https:\/\/ligamercedina.com\/web\/wp-json\/wp\/v2\/posts"}],"about":[{"href":"https:\/\/ligamercedina.com\/web\/wp-json\/wp\/v2\/types\/post"}],"author":[{"embeddable":true,"href":"https:\/\/ligamercedina.com\/web\/wp-json\/wp\/v2\/users\/2"}],"replies":[{"embeddable":true,"href":"https:\/\/ligamercedina.com\/web\/wp-json\/wp\/v2\/comments?post=15184"}],"version-history":[{"count":1,"href":"https:\/\/ligamercedina.com\/web\/wp-json\/wp\/v2\/posts\/15184\/revisions"}],"predecessor-version":[{"id":15185,"href":"https:\/\/ligamercedina.com\/web\/wp-json\/wp\/v2\/posts\/15184\/revisions\/15185"}],"wp:attachment":[{"href":"https:\/\/ligamercedina.com\/web\/wp-json\/wp\/v2\/media?parent=15184"}],"wp:term":[{"taxonomy":"category","embeddable":true,"href":"https:\/\/ligamercedina.com\/web\/wp-json\/wp\/v2\/categories?post=15184"},{"taxonomy":"post_tag","embeddable":true,"href":"https:\/\/ligamercedina.com\/web\/wp-json\/wp\/v2\/tags?post=15184"}],"curies":[{"name":"wp","href":"https:\/\/api.w.org\/{rel}","templated":true}]}}