{"id":1502,"date":"2009-06-06T18:02:42","date_gmt":"2009-06-06T21:02:42","guid":{"rendered":"https:\/\/ligamercedina.com\/?p=1502"},"modified":"2009-06-06T18:02:42","modified_gmt":"2009-06-06T21:02:42","slug":"resultados-del-futbol-infantil-6","status":"publish","type":"post","link":"https:\/\/ligamercedina.com\/web\/resultados-del-futbol-infantil-6\/","title":{"rendered":"RESULTADOS DEL FUTBOL INFANTIL"},"content":{"rendered":"<blockquote>\n<ul>\n<strong>ESTUDIANTES VS. COMUNICACIONES<\/strong><\/ul>\n<\/blockquote>\n<p>Categor\u00eda 2000: <strong>0 &#8211; 2<\/strong> (Braian Ram\u00edrez y Mart\u00edn Vega)<br \/>\nCategor\u00eda 99: <strong>1<\/strong> (Ger\u00f3nimo Miratta) &#8211; <strong>1<\/strong> (Tom\u00e1s Carballo)<br \/>\nCategor\u00eda 98: <strong>2<\/strong> (Nicol\u00e1s Bartolomeo y Lucas Gallo) &#8211; <strong>1<\/strong> (Tob\u00edas Sim\u00f3n)<br \/>\nCategor\u00eda 97: <strong>1<\/strong> (V\u00edctor Clavero) &#8211; <strong>0<\/strong><br \/>\nCategor\u00eda 96: <strong>1<\/strong> (Marcelo Moyano) &#8211; <strong>3<\/strong> (Nicol\u00e1s Paniagua 2 y Braian Avila)<br \/>\nCategor\u00eda 95: <strong>3<\/strong> (Esteban Bocco, Carlos Dubertti y Marcos Vel\u00e1zquez) &#8211; <strong>0<\/strong><br \/>\nCategor\u00eda 94: <strong>2 &#8211; 1<\/strong> (Roque G\u00f3mez)<br \/>\nCategor\u00eda 92-93: <strong>4<\/strong> (Lucas Bacigaluppo 2, Agust\u00edn Luna y Franco Panessi) &#8211; <strong>2<\/strong> (Diego Gorosito y Mariano Brehinier)<\/p>\n<blockquote>\n<ul>\n<strong>VELEZ SARSFIELD VS. ATENEO<\/strong><\/ul>\n<\/blockquote>\n<p>Categor\u00eda 2000: <strong>1 &#8211; 0<\/strong><br \/>\nCategor\u00eda 99: <strong>0 &#8211; 2<\/strong> (Francisco Delvento y Enzo Spoturno)<br \/>\nCategor\u00eda 98: <strong>2<\/strong> (Luis Islas y Yoel Lescano) &#8211; <strong>1<\/strong> (Juan Cruz Contardi)<br \/>\nCategor\u00eda 97: <strong>0 &#8211; 1<\/strong> (Luciano Ravassa)<br \/>\nCategor\u00eda 96: <strong>5<\/strong> (Nicol\u00e1s Ram\u00edrez, Iv\u00e1n Quevedo 2, Alejandro Guzm\u00e1n y Mat\u00edas Estrella) &#8211; <strong>0<\/strong><br \/>\nCategor\u00eda 95: <strong>1<\/strong> (Luis Centeno) &#8211; <strong>1<\/strong> (Nicol\u00e1s Pinto)<br \/>\nCategor\u00eda 94: <strong>3<\/strong> (Lucas Coletta, Franco Falabella y Maximiliano Porticella) &#8211; <strong>0<\/strong><br \/>\nCategor\u00eda 92 &#8211; 93: <strong>1<\/strong> (Lucas Lofreda) &#8211; <strong>1<\/strong> (Nicol\u00e1s Quiroga)<\/p>\n<blockquote>\n<ul>\n<strong>MERCEDES \u00abA\u00bb VS. JUVENTUD DE SUIPACHA<\/strong><\/ul>\n<\/blockquote>\n<p>Categor\u00eda 2000: <strong>1<\/strong> (Antonio Luther) &#8211; <strong>6<\/strong> (Dari\u00e1n Hern\u00e1ndez 2, Elian Larregina 2 y Franco Taborda 2)<br \/>\nCategor\u00eda 99: <strong>0 &#8211; 1<\/strong> (Edgardo Su\u00e1rez)<br \/>\nCategor\u00eda 98: <strong>0 &#8211; 1<\/strong> (Alan Tust)<br \/>\nCategor\u00eda 97: <strong>0 &#8211; 3<\/strong> (Luciano Castro, Gian Lopolito y Sebasti\u00e1n S\u00e1nchez)<br \/>\nCategor\u00eda 96: <strong>4<\/strong> (Gast\u00f3n Alzogaray 3 y Santiago Schnaider) &#8211; <strong>2<\/strong> (Nahuel Guti\u00e9rrez 2)<br \/>\nCategor\u00eda 95: <strong>3<\/strong> (Maximiliano C\u00e1rdenas, Guido Cestari y Maximiliano Morales) &#8211; <strong>2<\/strong> (Santiago Giorello y Luis Novoa)<br \/>\nCategor\u00eda 94: 0 &#8211; 4 (Sebasti\u00e1n Parlapiano 2 y Tom\u00e1s Rossetti 2)<br \/>\nCategor\u00eda 92-93: 0 &#8211; 3 (Mauro Correa, Ezequiel Flynn y Rodrigo G\u00f3mez)<\/p>\n<blockquote>\n<ul>\n<strong>EL FRONT\u00d3N VS. CLUB MERCEDES<\/strong><\/ul>\n<\/blockquote>\n<p>Categor\u00eda 2000: <strong>1<\/strong> (Tom\u00e1s Hazi) &#8211; <strong>0<\/strong><br \/>\nCategor\u00eda 99: <strong>1<\/strong> (Ivo Valli) &#8211; <strong>3<\/strong> (Fausto Ballesteros, Juan Cabrera y Santiago Sosa)<br \/>\nCategor\u00eda 98: <strong>0 &#8211; 4<\/strong> (Juan Arias 3 y Thom\u00e1s Falabella)<br \/>\nCategor\u00eda 97: <strong>1<\/strong> (Mat\u00edas Casas) &#8211; <strong>4<\/strong> (Agust\u00edn Frustoli 2 y Juan Scasso 2)<br \/>\nCategor\u00eda 96: <strong>1<\/strong> (Joaqu\u00edn Botana) &#8211; <strong>1<\/strong> (Dar\u00edo Ivaldis)<br \/>\nCategor\u00eda 95: <strong>0 &#8211; 3<\/strong> (Ignacio J\u00e1uregui, Germ\u00e1n Puliti y Esteban Rodr\u00edguez)<br \/>\nCategor\u00eda 94: <strong>2<\/strong> (Pedro Gussoni y Blas Tallarico) &#8211; <strong>2<\/strong> (Nicol\u00e1s Bertaina 2)<br \/>\nCategor\u00eda 92-93: <strong>6<\/strong> (Franco Bava, Braian Ferrety, Jos\u00e9 Mansilla, Facundo Marino y Maximiliano Tava 2) &#8211; <strong>1<\/strong> (Fernando Gonz\u00e1lez)<\/p>\n<blockquote>\n<ul>\n<strong>UNION VS. QUILMES<\/strong><\/ul>\n<\/blockquote>\n<p>Categor\u00eda 2000: <strong>0 &#8211; 3<\/strong> (Mat\u00edas L\u00f3pez, Facundo P\u00e9rez y El\u00edas Villalba)<br \/>\nCategor\u00eda 99: <strong>0 &#8211; 1<\/strong> (Joaqu\u00edn Davobe)<br \/>\nCategor\u00eda 98: <strong>1<\/strong> (Enzo Tulio) &#8211; <strong>1<\/strong> (Nicol\u00e1s Romero)<br \/>\nCategor\u00eda 97: <strong>0 &#8211; 0<\/strong><\/p>\n","protected":false},"excerpt":{"rendered":"<p>ESTUDIANTES VS. COMUNICACIONES Categor\u00eda 2000: 0 &#8211; 2 (Braian Ram\u00edrez y Mart\u00edn Vega) Categor\u00eda 99: 1 (Ger\u00f3nimo Miratta) &#8211; 1 (Tom\u00e1s Carballo) Categor\u00eda 98: 2 (Nicol\u00e1s Bartolomeo y Lucas Gallo) &#8211; 1 (Tob\u00edas Sim\u00f3n) Categor\u00eda 97: 1 (V\u00edctor Clavero) &#8211; 0 Categor\u00eda 96: 1 (Marcelo Moyano) &#8211; 3 (Nicol\u00e1s Paniagua 2 y Braian Avila) Categor\u00eda 95: 3 (Esteban Bocco, Carlos<\/p>\n","protected":false},"author":1,"featured_media":0,"comment_status":"open","ping_status":"open","sticky":false,"template":"","format":"standard","meta":{"footnotes":""},"categories":[4],"tags":[],"class_list":["post-1502","post","type-post","status-publish","format-standard","hentry","category-informaciongeneral"],"_links":{"self":[{"href":"https:\/\/ligamercedina.com\/web\/wp-json\/wp\/v2\/posts\/1502","targetHints":{"allow":["GET"]}}],"collection":[{"href":"https:\/\/ligamercedina.com\/web\/wp-json\/wp\/v2\/posts"}],"about":[{"href":"https:\/\/ligamercedina.com\/web\/wp-json\/wp\/v2\/types\/post"}],"author":[{"embeddable":true,"href":"https:\/\/ligamercedina.com\/web\/wp-json\/wp\/v2\/users\/1"}],"replies":[{"embeddable":true,"href":"https:\/\/ligamercedina.com\/web\/wp-json\/wp\/v2\/comments?post=1502"}],"version-history":[{"count":16,"href":"https:\/\/ligamercedina.com\/web\/wp-json\/wp\/v2\/posts\/1502\/revisions"}],"predecessor-version":[{"id":1504,"href":"https:\/\/ligamercedina.com\/web\/wp-json\/wp\/v2\/posts\/1502\/revisions\/1504"}],"wp:attachment":[{"href":"https:\/\/ligamercedina.com\/web\/wp-json\/wp\/v2\/media?parent=1502"}],"wp:term":[{"taxonomy":"category","embeddable":true,"href":"https:\/\/ligamercedina.com\/web\/wp-json\/wp\/v2\/categories?post=1502"},{"taxonomy":"post_tag","embeddable":true,"href":"https:\/\/ligamercedina.com\/web\/wp-json\/wp\/v2\/tags?post=1502"}],"curies":[{"name":"wp","href":"https:\/\/api.w.org\/{rel}","templated":true}]}}