{"id":150,"date":"2007-07-17T19:51:26","date_gmt":"2007-07-17T22:51:26","guid":{"rendered":"https:\/\/ligamercedina.com\/?p=150"},"modified":"2007-07-17T19:51:26","modified_gmt":"2007-07-17T22:51:26","slug":"horarios-de-primera-y-tercera-para-el-fin-de-semana-2","status":"publish","type":"post","link":"https:\/\/ligamercedina.com\/web\/horarios-de-primera-y-tercera-para-el-fin-de-semana-2\/","title":{"rendered":"HORARIOS DE PRIMERA Y TERCERA PARA EL FIN DE SEMANA"},"content":{"rendered":"<p><strong>En la ma\u00f1ana de este martes los dirigentes de la Liga Mercedina de F\u00fatbol confirmaron los d\u00edas y horarios de los partidos correspondientes a los torneos de Tercera y Primera Divisi\u00f3n.<br \/>\nComo hecho auspicioso se destaca que por primera vez se jugar\u00e1 un partido de Primera en cancha de Ateneo de la Juventud, en su predio de calle 11 y 114. All\u00ed, jugar\u00e1n el local ante Pabell\u00f3n Argentino de Marcos Paz, aunque a\u00fan no tiene horario. El cronograma es el siguiente:<\/strong><\/p>\n<p><strong>TERCERA DIVISION:<\/strong> 1a Fecha del Clausura. (S\u00e1bado)<br \/>\n<strong>En cancha de Ateneo: <\/strong>13:30 hs. Mercedes Vs. V\u00e9lez y 15:30 hs. Ateneo Vs. Quilmes<\/p>\n<p><strong>Domingo<\/strong><br \/>\nem><strong>En Suipacha:<\/strong> 13:30 hs. Juventud Vs. Palometas<\/p>\n<p><strong>PRIMERA DIVISION<\/strong><br \/>\n<em><strong>S\u00e1bado: <\/strong><\/em>En Marcos Paz, 15:30 hs. San Marcos Vs. Uni\u00f3n<br \/>\n<em><strong>Domingo<\/strong><\/em><br \/>\n<strong>En Suipacha: 15:30 hs. Juventud Vs. Palometas<\/strong><br \/>\n<strong>Cancha de Ateneo:<\/strong> (horario a confirmar) Ateneo Vs. Pabell\u00f3n Argentino<br \/>\n<strong>Cancha Liga: <\/strong> 13 hs. Mercedes Vs. V\u00e9lez y 15 hs. Estudiantes Vs. Quilmes<\/p>\n","protected":false},"excerpt":{"rendered":"<p>En la ma\u00f1ana de este martes los dirigentes de la Liga Mercedina de F\u00fatbol confirmaron los d\u00edas y horarios de los partidos correspondientes a los torneos de Tercera y Primera Divisi\u00f3n. Como hecho auspicioso se destaca que por primera vez se jugar\u00e1 un partido de Primera en cancha de Ateneo de la Juventud, en su predio de calle 11 y<\/p>\n","protected":false},"author":1,"featured_media":0,"comment_status":"open","ping_status":"open","sticky":false,"template":"","format":"standard","meta":{"footnotes":""},"categories":[4],"tags":[],"class_list":["post-150","post","type-post","status-publish","format-standard","hentry","category-informaciongeneral"],"_links":{"self":[{"href":"https:\/\/ligamercedina.com\/web\/wp-json\/wp\/v2\/posts\/150","targetHints":{"allow":["GET"]}}],"collection":[{"href":"https:\/\/ligamercedina.com\/web\/wp-json\/wp\/v2\/posts"}],"about":[{"href":"https:\/\/ligamercedina.com\/web\/wp-json\/wp\/v2\/types\/post"}],"author":[{"embeddable":true,"href":"https:\/\/ligamercedina.com\/web\/wp-json\/wp\/v2\/users\/1"}],"replies":[{"embeddable":true,"href":"https:\/\/ligamercedina.com\/web\/wp-json\/wp\/v2\/comments?post=150"}],"version-history":[{"count":0,"href":"https:\/\/ligamercedina.com\/web\/wp-json\/wp\/v2\/posts\/150\/revisions"}],"wp:attachment":[{"href":"https:\/\/ligamercedina.com\/web\/wp-json\/wp\/v2\/media?parent=150"}],"wp:term":[{"taxonomy":"category","embeddable":true,"href":"https:\/\/ligamercedina.com\/web\/wp-json\/wp\/v2\/categories?post=150"},{"taxonomy":"post_tag","embeddable":true,"href":"https:\/\/ligamercedina.com\/web\/wp-json\/wp\/v2\/tags?post=150"}],"curies":[{"name":"wp","href":"https:\/\/api.w.org\/{rel}","templated":true}]}}