{"id":1492,"date":"2009-06-01T19:37:08","date_gmt":"2009-06-01T22:37:08","guid":{"rendered":"https:\/\/ligamercedina.com\/?p=1492"},"modified":"2009-06-01T19:37:08","modified_gmt":"2009-06-01T22:37:08","slug":"horarios-para-el-fin-de-semana-32","status":"publish","type":"post","link":"https:\/\/ligamercedina.com\/web\/horarios-para-el-fin-de-semana-32\/","title":{"rendered":"HORARIOS PARA EL FIN DE SEMANA"},"content":{"rendered":"<blockquote>\n<ul>\n<strong>PRIMERA DIVISION<\/strong><\/ul>\n<\/blockquote>\n<p><em><strong>Domingo 7 de junio (Cancha Liga)<\/strong><\/em><br \/>\n11.30 hs. QUILMES\tVs. EL FRONTON<br \/>\n13.30 hs. VELEZ SARSFIELD Vs. Club MERCEDES<br \/>\n15.30 hs. CRUZADOS F.C. Vs. ESTUDIANTES<\/p>\n<blockquote>\n<ul>\n<strong>RESERVA<\/strong><\/ul>\n<\/blockquote>\n<p><em><strong>S\u00e1bado, Cancha Liga.<\/strong><\/em><br \/>\n13 hs. CLUB MERCEDES Vs. EL FRONTON<br \/>\n15 hs. ESTUDIANTES Vs. CRUZADOS FC<\/p>\n<p><em><strong>Cancha Juventud<\/strong><\/em><br \/>\n15 hs. Juventud Vs. Quilmes<\/p>\n<p><em><strong>Cancha Pabell\u00f3n Argentino<\/strong><\/em><br \/>\nPabell\u00f3n Argentino Vs. V\u00e9lez Sarsfield (POSTERGADO)<\/p>\n<blockquote>\n<ul>\n<p><strong>FUTBOL INFANTIL<\/strong><\/ul>\n<\/blockquote>\n<p><em><strong>Cancha de 9<\/strong><\/em><br \/>\nEstudiantes Vs Comunicaciones<br \/>\nV\u00e9lez Sarsfield Vs. Ateneo de la Juventud<br \/>\nMercedes \u00abA\u00bb Vs. Juventud de Suipacha<br \/>\nEl Front\u00f3n (S. A. de Giles) Vs. Mercedes<br \/>\nUni\u00f3n Vs. Quilmes<\/p>\n<p>13.00 hs. Categor\u00eda 2001<br \/>\n14.00 hs. Categor\u00eda 2000<br \/>\n15.00 hs. Categor\u00eda 1999<br \/>\n16.00 hs. Categor\u00eda 1998<\/p>\n<p><em><strong>Cancha de 11<\/strong><\/em><br \/>\nEstudiantes Vs Comunicaciones<br \/>\nV\u00e9lez Sarsfield Vs. Ateneo de la Juventud<br \/>\nMercedes \u00abA\u00bb Vs. Juventud de Suipacha<br \/>\nEl Front\u00f3n (S. A. de Giles) Vs. Mercedes<\/p>\n<p>11.00 hs. Categor\u00eda 97<br \/>\n12.00 hs. Categor\u00eda 96<br \/>\n13.15 hs. Categor\u00eda 92\/93<br \/>\n14.30 hs. Categor\u00eda 95<br \/>\n15.45 hs. Categor\u00eda 94<\/p>\n<p>Categor\u00eda 97 de Uni\u00f3n Vs. Quilmes 12 hs. en Cancha Liga Mercedina<\/p>\n","protected":false},"excerpt":{"rendered":"<p>PRIMERA DIVISION Domingo 7 de junio (Cancha Liga) 11.30 hs. QUILMES Vs. EL FRONTON 13.30 hs. VELEZ SARSFIELD Vs. Club MERCEDES 15.30 hs. CRUZADOS F.C. Vs. ESTUDIANTES RESERVA S\u00e1bado, Cancha Liga. 13 hs. CLUB MERCEDES Vs. EL FRONTON 15 hs. ESTUDIANTES Vs. CRUZADOS FC Cancha Juventud 15 hs. Juventud Vs. Quilmes Cancha Pabell\u00f3n Argentino Pabell\u00f3n Argentino Vs. V\u00e9lez Sarsfield (POSTERGADO)<\/p>\n","protected":false},"author":1,"featured_media":0,"comment_status":"open","ping_status":"open","sticky":false,"template":"","format":"standard","meta":{"footnotes":""},"categories":[4],"tags":[],"class_list":["post-1492","post","type-post","status-publish","format-standard","hentry","category-informaciongeneral"],"_links":{"self":[{"href":"https:\/\/ligamercedina.com\/web\/wp-json\/wp\/v2\/posts\/1492","targetHints":{"allow":["GET"]}}],"collection":[{"href":"https:\/\/ligamercedina.com\/web\/wp-json\/wp\/v2\/posts"}],"about":[{"href":"https:\/\/ligamercedina.com\/web\/wp-json\/wp\/v2\/types\/post"}],"author":[{"embeddable":true,"href":"https:\/\/ligamercedina.com\/web\/wp-json\/wp\/v2\/users\/1"}],"replies":[{"embeddable":true,"href":"https:\/\/ligamercedina.com\/web\/wp-json\/wp\/v2\/comments?post=1492"}],"version-history":[{"count":4,"href":"https:\/\/ligamercedina.com\/web\/wp-json\/wp\/v2\/posts\/1492\/revisions"}],"predecessor-version":[{"id":1495,"href":"https:\/\/ligamercedina.com\/web\/wp-json\/wp\/v2\/posts\/1492\/revisions\/1495"}],"wp:attachment":[{"href":"https:\/\/ligamercedina.com\/web\/wp-json\/wp\/v2\/media?parent=1492"}],"wp:term":[{"taxonomy":"category","embeddable":true,"href":"https:\/\/ligamercedina.com\/web\/wp-json\/wp\/v2\/categories?post=1492"},{"taxonomy":"post_tag","embeddable":true,"href":"https:\/\/ligamercedina.com\/web\/wp-json\/wp\/v2\/tags?post=1492"}],"curies":[{"name":"wp","href":"https:\/\/api.w.org\/{rel}","templated":true}]}}