{"id":149,"date":"2007-07-17T19:45:02","date_gmt":"2007-07-17T22:45:02","guid":{"rendered":"https:\/\/ligamercedina.com\/?p=149"},"modified":"2007-07-17T19:45:02","modified_gmt":"2007-07-17T22:45:02","slug":"preocupados-por-los-arbitrajes-manana-se-reunen-los-dirigentes-enla-liga","status":"publish","type":"post","link":"https:\/\/ligamercedina.com\/web\/preocupados-por-los-arbitrajes-manana-se-reunen-los-dirigentes-enla-liga\/","title":{"rendered":"PREOCUPADOS POR LOS ARBITRAJES MA\u00d1ANA SE REUNEN LOS DIRIGENTES ENLA LIGA"},"content":{"rendered":"<blockquote><p><strong>Dirigentes de Club Palometas han decidido solicitar a la Liga Mercedina de F\u00fatbol la realizaci\u00f3n de una reuni\u00f3n de los delegados de los equipos de Primera Divisi\u00f3n.<br \/>\nEn virtud de ello, es que la misma se llevar\u00e1 a cabo este mi\u00e9rcoles, a partir de las 19:30 en la sede de la Liga, calle 31 entre 32 y 34.<\/strong><\/p><\/blockquote>\n","protected":false},"excerpt":{"rendered":"<p>Dirigentes de Club Palometas han decidido solicitar a la Liga Mercedina de F\u00fatbol la realizaci\u00f3n de una reuni\u00f3n de los delegados de los equipos de Primera Divisi\u00f3n. En virtud de ello, es que la misma se llevar\u00e1 a cabo este mi\u00e9rcoles, a partir de las 19:30 en la sede de la Liga, calle 31 entre 32 y 34.<\/p>\n","protected":false},"author":1,"featured_media":0,"comment_status":"open","ping_status":"open","sticky":false,"template":"","format":"standard","meta":{"footnotes":""},"categories":[4],"tags":[],"class_list":["post-149","post","type-post","status-publish","format-standard","hentry","category-informaciongeneral"],"_links":{"self":[{"href":"https:\/\/ligamercedina.com\/web\/wp-json\/wp\/v2\/posts\/149","targetHints":{"allow":["GET"]}}],"collection":[{"href":"https:\/\/ligamercedina.com\/web\/wp-json\/wp\/v2\/posts"}],"about":[{"href":"https:\/\/ligamercedina.com\/web\/wp-json\/wp\/v2\/types\/post"}],"author":[{"embeddable":true,"href":"https:\/\/ligamercedina.com\/web\/wp-json\/wp\/v2\/users\/1"}],"replies":[{"embeddable":true,"href":"https:\/\/ligamercedina.com\/web\/wp-json\/wp\/v2\/comments?post=149"}],"version-history":[{"count":0,"href":"https:\/\/ligamercedina.com\/web\/wp-json\/wp\/v2\/posts\/149\/revisions"}],"wp:attachment":[{"href":"https:\/\/ligamercedina.com\/web\/wp-json\/wp\/v2\/media?parent=149"}],"wp:term":[{"taxonomy":"category","embeddable":true,"href":"https:\/\/ligamercedina.com\/web\/wp-json\/wp\/v2\/categories?post=149"},{"taxonomy":"post_tag","embeddable":true,"href":"https:\/\/ligamercedina.com\/web\/wp-json\/wp\/v2\/tags?post=149"}],"curies":[{"name":"wp","href":"https:\/\/api.w.org\/{rel}","templated":true}]}}