{"id":14837,"date":"2015-06-02T22:47:49","date_gmt":"2015-06-03T01:47:49","guid":{"rendered":"https:\/\/ligamercedina.com\/web\/?p=14837"},"modified":"2015-06-02T22:49:29","modified_gmt":"2015-06-03T01:49:29","slug":"tribunal-de-disciplina-fallo-10","status":"publish","type":"post","link":"https:\/\/ligamercedina.com\/web\/tribunal-de-disciplina-fallo-10\/","title":{"rendered":"TRIBUNAL DE DISCIPLINA: FALLO 10"},"content":{"rendered":"<p style=\"text-align: center;\"><strong><u>HONORABLE TRIBUNAL DE PENAS<\/u><\/strong><\/p>\n<p style=\"text-align: center;\"><strong><u>FALLO N\u00ba 10 \/2015<\/u><\/strong><\/p>\n<p><strong><em>En la ciudad de Mercedes, Provincia de Buenos Aires, a los 2 d\u00edas del mes de junio de 2015, siendo las 19:00 hs. se re\u00fane el Honorable Tribunal de Penas de la Liga Mercedina de F\u00fatbol, presidido por el Dr. David Valerga, con la presencia de sus integrante, Dr. Mat\u00edas Marchesini, a fin de tratar los siguientes temas:<\/em><\/strong><\/p>\n<p><strong>a)<\/strong> MERCEDES \u201cA\u201d \u2013 ESTUDIANTES (Categor\u00eda 2001)<br \/>\nDAR Traslado a ambas instituciones para que en el t\u00e9rmino cinco d\u00edas corridos, a los fines de que formulen su defensa por escrito, teniendo en cuenta que ya recibieron copia del informe arbitral. Vencido el t\u00e9rmino antes establecido y no presentada su defensa se dar\u00e1 por deca\u00eddo su derecho. Art. 7 del R.T.P.<br \/>\nAsimismo se cita a los se\u00f1ores Diego Silvestre y Carlos Del\u2019Oro, Coordinadores de ambas instituciones, para el pr\u00f3ximo viernes 5 de junio a las 17 horas, a que se den cita en la Secretar\u00eda de la Liga Mercedina.<\/p>\n<p>CARDINALE, Juan Carlos (AC Mercedes) \u2013Suspendido provisionalmente-<br \/>\nGIMENEZ, Pablo (DT Mercedes) \u2013Suspendido provisionalmente-<br \/>\nVIRTO, Gonzalo (AC Estudiantes) \u2013Suspendido provisionalmente-<\/p>\n<p><strong>b)<\/strong> QUILMES \u2013 VELEZ (Categor\u00eda 2002)<br \/>\nDAR por perdido el partido a Club V\u00e9lez Sarsfield con el resultado 1 a 0 a favor de Quilmes y a su vez descontar 3 puntos de la tabla de posiciones al finalizar el presente torneo.<br \/>\nAplicar una multa de v.e. 58. (Art. 109 y 152 del R.T.P.).<\/p>\n<p><strong>c)<\/strong> LOS PALOMETAS \u2013 TROCHA (1\u00aa Divisi\u00f3n)<br \/>\nGONZALEZ, Manuel (Palometas) -1 partido de suspensi\u00f3n- art. 207 del R.T.P.<br \/>\nMI\u00d1O, Gustavo (Palometas) \u2013 3 partidos de suspensi\u00f3n &#8211; art. 200 inc. a punto 1 del R. T. P.<br \/>\nZAZZAS, Hern\u00e1n (Trocha) -2 partidos de suspensi\u00f3n- art. 201 inc. a del R.T.P.<br \/>\nPIEMONTE, Franco (Trocha) \u2013 2 partidos de suspensi\u00f3n \u2013 art. 200 inc. a punto 3 del R.T.P.<br \/>\nREINE, Axel (Trocha) \u2013 3 partidos de suspensi\u00f3n \u2013 art. 200 inc. a punto 1 del R. T. P.<br \/>\nPAGANI, Lucas . Suspendido en forma provisional<\/p>\n<p>d) ATENEO \u2013 MERCEDES (1\u00aa Divisi\u00f3n)<br \/>\nFIORELLI, Facundo (PF Mercedes) -21 d\u00edas de suspensi\u00f3n- art. 260 y 185 del R.T.P.<\/p>\n<p><strong>e)<\/strong> ATENEO \u2013 MERCEDES (Reserva)<br \/>\nFLAHERTY, Agust\u00edn (Ateneo) -1 partido de suspensi\u00f3n- art. 207 del R.T.P.<\/p>\n<p><strong>f)<\/strong> EL FRONTON \u2013 MERCEDES ( Categor\u00eda 2002)<br \/>\nLUCERO, Daniel (Mercedes) -1 partido de suspensi\u00f3n- art. 207 del R.T.P.<br \/>\nSIRCH, Tob\u00edas (Mercedes) -1 partido de suspensi\u00f3n- art. 207 del R.T.P.<\/p>\n<p><strong>g)<\/strong> EL FRONTON \u2013 MERCEDES (Categor\u00eda 7a)<br \/>\nPARRA, Nahuel (El Front\u00f3n). -2 partidos de suspensi\u00f3n- art. 185 del R.T.P.<br \/>\nDI TATTA CROSSETTI (El Front\u00f3n) \u2013 2 partidos de suspensi\u00f3n \u2013 art. 185 del R.T.P.<\/p>\n<p><strong>h)<\/strong> EL FRONTON \u2013 MERCEDES (Categor\u00eda 98\/99)<br \/>\nSEBASTIANO, Lucas (Mercedes) -1 partido de suspensi\u00f3n- art. 204 del R.T.P.<br \/>\nYACOY, Alfonso (El Front\u00f3n). -1 partidos de suspensi\u00f3n- art. 204 del R.T.P.<\/p>\n<p><strong>i)<\/strong> UNION \u2013 COMUNICACIONES (Categor\u00eda 2000)<br \/>\nGIOVANOLI, Claudio (Comunicaciones) \u2013 2 partidos de suspensi\u00f3n- art. 202 inc. b del R.T.P.<br \/>\nBARRIENTOS, Brandon (Uni\u00f3n) -1 partido de suspensi\u00f3n- art. 207 del R.T.P.<\/p>\n<p><strong>j)<\/strong> SAN MARCOS FC \u2013 ESTUDIANTES (1\u00aa Divisi\u00f3n)<br \/>\nAMORENA, Federico (San Marcos) -1 partidos de suspensi\u00f3n- art. 204 del R.T.P.<br \/>\nNAVA, Nicol\u00e1s (Estudiantes) -1 partido de suspensi\u00f3n- art. 207 del R.T.P.<\/p>\n<p><strong>k)<\/strong> MERCEDES \u201cA\u201d \u2013 ESTUDIANTES (Categor\u00eda 2002)<br \/>\nROSSI BISTUER (Mercedes \u201cA\u201d) \u2013Suspendido provisionalmente-<br \/>\nCASTELARI, Joaqu\u00edn \u2013suspendido provisionalmente-<br \/>\nQUINTANA, Jerem\u00edas \u2013suspendido provisonalmente-<br \/>\nMIRANDA, Diego (DT. Estudiantes) -21 de suspensi\u00f3n- art. 185<br \/>\nDAR traslado a Club Estudiantes.<\/p>\n<p><strong>l)<\/strong> APLICAR una (1) fecha de suspensi\u00f3n, seg\u00fan art\u00edculo 208 del R.T.P.<br \/>\nLOPEZ, Jonathan (Ateneo)<br \/>\nPEREZ, Franco (Mercedes)<\/p>\n<p><strong>m)<\/strong> JUGADORES CON CUATRO (4) AMONESTACIONES<\/li>\n<p>MORALES , Gustavo (Quilmes)<br \/>\nGIACOY, Pablo (Estudiantes)<br \/>\nSOTELO, Horacio (V\u00e9lez)<br \/>\nMORALES, Mario (Ateneo)<br \/>\nFERNANDEZ, Valent\u00edn (Mercedes)<br \/>\nBARANDARIAN, Juan (Pabell\u00f3n)<br \/>\nFIGUEREDO, Cesar (Palometas)<br \/>\nPASTOR, Mart\u00edn (Palometas)<br \/>\nMORALES, Maximiliano (Com&#8217;ciones)<\/p>\n<p><strong>n)<\/strong> Atento presentaci\u00f3n Club V\u00e9lez sobre sanci\u00f3n a jugadores Giacoy y Ram\u00edrez, ante la falta de prueba que contradiga el informe del \u00e1rbitro Franco Prieto es que se confirma la sanci\u00f3n impuesta en el fallo N\u00b0 9 de 2015.<\/p>\n<p><strong>o)<\/strong> EL FRONTON \u2013 MERCEDES (Categor\u00eda 2000)<br \/>\nVEGA, Mart\u00edn \u2013Suspendido en forma provisional-<br \/>\nLOPEZ, Luis \u2013Suspendido en forma provisional-<br \/>\n<strong><br \/>\nDr. David Valerga<br \/>\nDr. Mat\u00edas Marchessini<\/strong><\/p>\n","protected":false},"excerpt":{"rendered":"<p>HONORABLE TRIBUNAL DE PENAS FALLO N\u00ba 10 \/2015 En la ciudad de Mercedes, Provincia de Buenos Aires, a los 2 d\u00edas del mes de junio de 2015, siendo las 19:00 hs. se re\u00fane el Honorable Tribunal de Penas de la Liga Mercedina de F\u00fatbol, presidido por el Dr. David Valerga, con la presencia de sus integrante, Dr. Mat\u00edas Marchesini, a<\/p>\n","protected":false},"author":2,"featured_media":14799,"comment_status":"open","ping_status":"open","sticky":false,"template":"","format":"standard","meta":{"footnotes":""},"categories":[4],"tags":[11,31],"class_list":["post-14837","post","type-post","status-publish","format-standard","has-post-thumbnail","hentry","category-informaciongeneral","tag-destacado","tag-fal"],"_links":{"self":[{"href":"https:\/\/ligamercedina.com\/web\/wp-json\/wp\/v2\/posts\/14837","targetHints":{"allow":["GET"]}}],"collection":[{"href":"https:\/\/ligamercedina.com\/web\/wp-json\/wp\/v2\/posts"}],"about":[{"href":"https:\/\/ligamercedina.com\/web\/wp-json\/wp\/v2\/types\/post"}],"author":[{"embeddable":true,"href":"https:\/\/ligamercedina.com\/web\/wp-json\/wp\/v2\/users\/2"}],"replies":[{"embeddable":true,"href":"https:\/\/ligamercedina.com\/web\/wp-json\/wp\/v2\/comments?post=14837"}],"version-history":[{"count":1,"href":"https:\/\/ligamercedina.com\/web\/wp-json\/wp\/v2\/posts\/14837\/revisions"}],"predecessor-version":[{"id":14838,"href":"https:\/\/ligamercedina.com\/web\/wp-json\/wp\/v2\/posts\/14837\/revisions\/14838"}],"wp:featuredmedia":[{"embeddable":true,"href":"https:\/\/ligamercedina.com\/web\/wp-json\/wp\/v2\/media\/14799"}],"wp:attachment":[{"href":"https:\/\/ligamercedina.com\/web\/wp-json\/wp\/v2\/media?parent=14837"}],"wp:term":[{"taxonomy":"category","embeddable":true,"href":"https:\/\/ligamercedina.com\/web\/wp-json\/wp\/v2\/categories?post=14837"},{"taxonomy":"post_tag","embeddable":true,"href":"https:\/\/ligamercedina.com\/web\/wp-json\/wp\/v2\/tags?post=14837"}],"curies":[{"name":"wp","href":"https:\/\/api.w.org\/{rel}","templated":true}]}}