{"id":14835,"date":"2015-06-02T22:34:54","date_gmt":"2015-06-03T01:34:54","guid":{"rendered":"https:\/\/ligamercedina.com\/web\/?p=14835"},"modified":"2015-06-02T22:37:13","modified_gmt":"2015-06-03T01:37:13","slug":"horarios-para-el-fin-de-semana-79","status":"publish","type":"post","link":"https:\/\/ligamercedina.com\/web\/horarios-para-el-fin-de-semana-79\/","title":{"rendered":"HORARIOS PARA EL FIN DE SEMANA"},"content":{"rendered":"<p><strong><u>PRIMERA DIVISION<\/u><\/strong><\/p>\n<p><strong><em>Viernes 5 de mayo, cancha Liga<\/em><\/strong><\/p>\n<p>19:30 hs. Ateneo Vs. Los Palometas<\/p>\n<p>21:30 hs. Quilmes Vs. El Front\u00f3n<\/p>\n<p>&nbsp;<\/p>\n<p><strong><em>Domingo 7 de mayo, cancha Liga<\/em><\/strong><\/p>\n<p>13:00 hs. Estudiantes Vs. Comunicaciones<\/p>\n<p>15:00 hs. Trocha Vs. Costa Brava<\/p>\n<p>&nbsp;<\/p>\n<p><strong><em>Domingo 7 de mayo, cancha<\/em><\/strong><\/p>\n<p>15:30 hs. Juventud Vs. San Marcos<\/p>\n<p>&nbsp;<\/p>\n<p><strong><em>Domingo 7 de mayo, cancha Pabell\u00f3n Argentino<\/em><\/strong><\/p>\n<p>15:00 hs. Pabell\u00f3n Argentino Vs. V\u00e9lez Sarsfield<\/p>\n<p>&nbsp;<\/p>\n<p><strong><u>RESERVA<\/u><\/strong><\/p>\n<p><strong><em>S\u00e1bado 6 de mayo, cancha Quilmes<\/em><\/strong><\/p>\n<p>13:30 hs. Ateneo Vs. Los Palometas<\/p>\n<p>15:30 hs. Quilmes Vs. El Front\u00f3n<\/p>\n<p><strong><em>\u00a0<\/em><\/strong><\/p>\n<p><strong><em>Domingo 7 de mayo, cancha Estudiantes<\/em><\/strong><\/p>\n<p><strong>15:15 hs. Estudiantes Vs. Comunicaciones<\/strong><\/p>\n<p><strong><em>\u00a0<\/em><\/strong><\/p>\n<p><strong><em>Domingo 7 de mayo, cancha Juventud<br \/>\n<\/em><\/strong><\/p>\n<p>13:30 hs. Juventud Vs. San Marcos<\/p>\n<p>&nbsp;<\/p>\n<p><strong><em>Domingo 7 de mayo, cancha Pabell\u00f3n Argentino<\/em><\/strong><\/p>\n<p>13:00 hs. Pabell\u00f3n Argentino Vs. V\u00e9lez Sarsfield<\/p>\n<p>&nbsp;<\/p>\n<p>&nbsp;<\/p>\n<p><strong><u>INFANTILES<\/u><\/strong><\/p>\n<p>Ateneo Vs. Quilmes, V\u00e9lez Vs. Mercedes \u201cA\u201d, Estudiantes Vs. Uni\u00f3n Carme\u00f1a, Juventud Vs. Defensores Jrs., Mercedes Vs. Uni\u00f3n, Comunicaciones Vs. Los Palometas<\/p>\n<p>13:30 hs. Promocionales<\/p>\n<p>14:30 hs. Categor\u00eda 2006<\/p>\n<p>15:30 hs. Categor\u00eda 2005<\/p>\n<p>&nbsp;<\/p>\n<p><strong><u>JUVENILES<\/u><\/strong><\/p>\n<p>Ateneo Vs. Quilmes, Estudiantes Vs. Uni\u00f3n Carme\u00f1a, Mercedes Vs. Uni\u00f3n<\/p>\n<p>10:00: Categor\u00eda 2002<\/p>\n<p>11:15: Categor\u00eda 2001<\/p>\n<p>12:30: Categor\u00eda 2000<\/p>\n<p>13:45: Categor\u00eda 99\/98<\/p>\n<p>15:15: Categor\u00eda 2004<\/p>\n<p>16:15: Categor\u00eda 2003<\/p>\n<p>&nbsp;<\/p>\n<p>Pabell\u00f3n Arg. Vs. El Front\u00f3n<\/p>\n<p>11:00: Categor\u00eda 2002<\/p>\n<p>12:15: Categor\u00eda 2001<\/p>\n<p>13:30: Categor\u00eda 99\/98<\/p>\n<p>15:00: Categor\u00eda 2000<\/p>\n<p>16:15: Categor\u00eda 2003<\/p>\n<p>&nbsp;<\/p>\n<p>Comunicaciones Vs. Los Palometas<\/p>\n<p>12:30: Categor\u00eda 2002<\/p>\n<p>13:45: Categor\u00eda 99\/98<\/p>\n<p>15:15: Categor\u00eda 2004<\/p>\n<p>16:15: Categor\u00eda 2003<\/p>\n<p>&nbsp;<\/p>\n<p>V\u00e9lez Vs. Mercedes \u201cA\u201d<\/p>\n<p>11:30: Categor\u00eda 2002<\/p>\n<p>12:45: Categor\u00eda 2000<\/p>\n<p>14:00: Categor\u00eda 2001<\/p>\n<p>15:15: Categor\u00eda 2004<\/p>\n<p>16:15: Categor\u00eda 2003<\/p>\n<p>&nbsp;<\/p>\n<p>Juventud Vs. Defensores Jrs.<\/p>\n<p>12:45: Categor\u00eda 2002<\/p>\n<p>14:00: Categor\u00eda 2000<\/p>\n<p>15:15: Categor\u00eda 2004<\/p>\n<p>16:15: Categor\u00eda 2003<\/p>\n","protected":false},"excerpt":{"rendered":"<p>PRIMERA DIVISION Viernes 5 de mayo, cancha Liga 19:30 hs. Ateneo Vs. Los Palometas 21:30 hs. Quilmes Vs. El Front\u00f3n &nbsp; Domingo 7 de mayo, cancha Liga 13:00 hs. Estudiantes Vs. Comunicaciones 15:00 hs. Trocha Vs. Costa Brava &nbsp; Domingo 7 de mayo, cancha 15:30 hs. Juventud Vs. San Marcos &nbsp; Domingo 7 de mayo, cancha Pabell\u00f3n Argentino 15:00 hs.<\/p>\n","protected":false},"author":2,"featured_media":14155,"comment_status":"open","ping_status":"open","sticky":false,"template":"","format":"standard","meta":{"footnotes":""},"categories":[4],"tags":[11,30],"class_list":["post-14835","post","type-post","status-publish","format-standard","has-post-thumbnail","hentry","category-informaciongeneral","tag-destacado","tag-horario"],"_links":{"self":[{"href":"https:\/\/ligamercedina.com\/web\/wp-json\/wp\/v2\/posts\/14835","targetHints":{"allow":["GET"]}}],"collection":[{"href":"https:\/\/ligamercedina.com\/web\/wp-json\/wp\/v2\/posts"}],"about":[{"href":"https:\/\/ligamercedina.com\/web\/wp-json\/wp\/v2\/types\/post"}],"author":[{"embeddable":true,"href":"https:\/\/ligamercedina.com\/web\/wp-json\/wp\/v2\/users\/2"}],"replies":[{"embeddable":true,"href":"https:\/\/ligamercedina.com\/web\/wp-json\/wp\/v2\/comments?post=14835"}],"version-history":[{"count":1,"href":"https:\/\/ligamercedina.com\/web\/wp-json\/wp\/v2\/posts\/14835\/revisions"}],"predecessor-version":[{"id":14836,"href":"https:\/\/ligamercedina.com\/web\/wp-json\/wp\/v2\/posts\/14835\/revisions\/14836"}],"wp:featuredmedia":[{"embeddable":true,"href":"https:\/\/ligamercedina.com\/web\/wp-json\/wp\/v2\/media\/14155"}],"wp:attachment":[{"href":"https:\/\/ligamercedina.com\/web\/wp-json\/wp\/v2\/media?parent=14835"}],"wp:term":[{"taxonomy":"category","embeddable":true,"href":"https:\/\/ligamercedina.com\/web\/wp-json\/wp\/v2\/categories?post=14835"},{"taxonomy":"post_tag","embeddable":true,"href":"https:\/\/ligamercedina.com\/web\/wp-json\/wp\/v2\/tags?post=14835"}],"curies":[{"name":"wp","href":"https:\/\/api.w.org\/{rel}","templated":true}]}}