{"id":14702,"date":"2015-05-02T10:24:07","date_gmt":"2015-05-02T13:24:07","guid":{"rendered":"https:\/\/ligamercedina.com\/web\/?p=14702"},"modified":"2015-05-02T10:24:07","modified_gmt":"2015-05-02T13:24:07","slug":"suspendido-san-marcos-el-fronton","status":"publish","type":"post","link":"https:\/\/ligamercedina.com\/web\/suspendido-san-marcos-el-fronton\/","title":{"rendered":"Suspendido San Marcos &#8211; El Front\u00f3n"},"content":{"rendered":"<p>El partido de Primera y Reserva entre San Marcos y El Front\u00f3n acaba de ser suspendido y como los restantes que no pudieron llevarse adelante\u00a0ser\u00e1n reprogramados en los pr\u00f3ximos d\u00edas por las autoridades de l Liga Mercedina.<\/p>\n","protected":false},"excerpt":{"rendered":"<p>El partido de Primera y Reserva entre San Marcos y El Front\u00f3n acaba de ser suspendido y como los restantes que no pudieron llevarse adelante\u00a0ser\u00e1n reprogramados en los pr\u00f3ximos d\u00edas por las autoridades de l Liga Mercedina.<\/p>\n","protected":false},"author":2,"featured_media":0,"comment_status":"open","ping_status":"open","sticky":false,"template":"","format":"standard","meta":{"footnotes":""},"categories":[4],"tags":[],"class_list":["post-14702","post","type-post","status-publish","format-standard","hentry","category-informaciongeneral"],"_links":{"self":[{"href":"https:\/\/ligamercedina.com\/web\/wp-json\/wp\/v2\/posts\/14702","targetHints":{"allow":["GET"]}}],"collection":[{"href":"https:\/\/ligamercedina.com\/web\/wp-json\/wp\/v2\/posts"}],"about":[{"href":"https:\/\/ligamercedina.com\/web\/wp-json\/wp\/v2\/types\/post"}],"author":[{"embeddable":true,"href":"https:\/\/ligamercedina.com\/web\/wp-json\/wp\/v2\/users\/2"}],"replies":[{"embeddable":true,"href":"https:\/\/ligamercedina.com\/web\/wp-json\/wp\/v2\/comments?post=14702"}],"version-history":[{"count":1,"href":"https:\/\/ligamercedina.com\/web\/wp-json\/wp\/v2\/posts\/14702\/revisions"}],"predecessor-version":[{"id":14703,"href":"https:\/\/ligamercedina.com\/web\/wp-json\/wp\/v2\/posts\/14702\/revisions\/14703"}],"wp:attachment":[{"href":"https:\/\/ligamercedina.com\/web\/wp-json\/wp\/v2\/media?parent=14702"}],"wp:term":[{"taxonomy":"category","embeddable":true,"href":"https:\/\/ligamercedina.com\/web\/wp-json\/wp\/v2\/categories?post=14702"},{"taxonomy":"post_tag","embeddable":true,"href":"https:\/\/ligamercedina.com\/web\/wp-json\/wp\/v2\/tags?post=14702"}],"curies":[{"name":"wp","href":"https:\/\/api.w.org\/{rel}","templated":true}]}}