{"id":14699,"date":"2015-05-01T18:45:35","date_gmt":"2015-05-01T21:45:35","guid":{"rendered":"https:\/\/ligamercedina.com\/web\/?p=14699"},"modified":"2015-05-01T18:56:02","modified_gmt":"2015-05-01T21:56:02","slug":"suspendido-el-infanto-juvenil","status":"publish","type":"post","link":"https:\/\/ligamercedina.com\/web\/suspendido-el-infanto-juvenil\/","title":{"rendered":"Suspendido el Infanto-Juvenil"},"content":{"rendered":"<p>La lluvia ca\u00edda en los \u00faltimos d\u00edas y la jornada de hoy, viernes 1 de mayo, obliga a suspender la quinta del Infanto-Juvenil que ser\u00e1 reprogramada para el s\u00e1bado 6. Varias canchas con agua acumulada se muestran irrecuperables para el venidero\u00a0s\u00e1bado 2.<\/p>\n","protected":false},"excerpt":{"rendered":"<p>La lluvia ca\u00edda en los \u00faltimos d\u00edas y la jornada de hoy, viernes 1 de mayo, obliga a suspender la quinta del Infanto-Juvenil que ser\u00e1 reprogramada para el s\u00e1bado 6. Varias canchas con agua acumulada se muestran irrecuperables para el venidero\u00a0s\u00e1bado 2.<\/p>\n","protected":false},"author":2,"featured_media":0,"comment_status":"open","ping_status":"open","sticky":false,"template":"","format":"standard","meta":{"footnotes":""},"categories":[4],"tags":[],"class_list":["post-14699","post","type-post","status-publish","format-standard","hentry","category-informaciongeneral"],"_links":{"self":[{"href":"https:\/\/ligamercedina.com\/web\/wp-json\/wp\/v2\/posts\/14699","targetHints":{"allow":["GET"]}}],"collection":[{"href":"https:\/\/ligamercedina.com\/web\/wp-json\/wp\/v2\/posts"}],"about":[{"href":"https:\/\/ligamercedina.com\/web\/wp-json\/wp\/v2\/types\/post"}],"author":[{"embeddable":true,"href":"https:\/\/ligamercedina.com\/web\/wp-json\/wp\/v2\/users\/2"}],"replies":[{"embeddable":true,"href":"https:\/\/ligamercedina.com\/web\/wp-json\/wp\/v2\/comments?post=14699"}],"version-history":[{"count":2,"href":"https:\/\/ligamercedina.com\/web\/wp-json\/wp\/v2\/posts\/14699\/revisions"}],"predecessor-version":[{"id":14701,"href":"https:\/\/ligamercedina.com\/web\/wp-json\/wp\/v2\/posts\/14699\/revisions\/14701"}],"wp:attachment":[{"href":"https:\/\/ligamercedina.com\/web\/wp-json\/wp\/v2\/media?parent=14699"}],"wp:term":[{"taxonomy":"category","embeddable":true,"href":"https:\/\/ligamercedina.com\/web\/wp-json\/wp\/v2\/categories?post=14699"},{"taxonomy":"post_tag","embeddable":true,"href":"https:\/\/ligamercedina.com\/web\/wp-json\/wp\/v2\/tags?post=14699"}],"curies":[{"name":"wp","href":"https:\/\/api.w.org\/{rel}","templated":true}]}}