{"id":14416,"date":"2014-08-20T18:31:21","date_gmt":"2014-08-20T21:31:21","guid":{"rendered":"https:\/\/ligamercedina.com\/web\/?p=14416"},"modified":"2014-08-23T20:05:47","modified_gmt":"2014-08-23T23:05:47","slug":"tribunal-de-disciplina-fallo-23","status":"publish","type":"post","link":"https:\/\/ligamercedina.com\/web\/tribunal-de-disciplina-fallo-23\/","title":{"rendered":"TRIBUNAL DE DISCIPLINA: FALLO 23"},"content":{"rendered":"<ul>\n<strong>HONORABLE TRIBUNAL DE PENAS<br \/>\nFALLO N\u00ba 23\/2014<\/strong><\/ul>\n<p>En la ciudad de Mercedes, Provincia de Buenos Aires, a los 18 d\u00edas del mes de agosto de 2014,siendo las 19:00 hs. se re\u00fane el Honorable Tribunal de Penas de la Liga Mercedina de F\u00fatbol, presidido por el Dr. Juan A. Repetto, con la presencia de los Dres. Gast\u00f3n Arenas y David Valerga, a fin de tratar los siguientes temas:<\/p>\n<p><strong>a)<\/strong> MERCEDES-COMUNICACIONES (9\u00aa divisi\u00f3n)<br \/>\nMORENO PEREZ, El\u00edas (Comunicaciones); 1 partido (art. 207 del R.T.P.);<\/p>\n<p><strong>b)<\/strong> MERCEDES-COMUNICACIONES (6\u00aa divisi\u00f3n)<br \/>\nTORRES, Joaqu\u00edn (Comunicaciones): 2 partidos (art. 186 del R.T.P.);<\/p>\n<p><strong>c)<\/strong> MERCEDES-COMUNICACIONES (8\u00aa divisi\u00f3n)<br \/>\nVERON, Franco (Comunicaciones): 2 partidos (art. 186 del R.T.P.);<\/p>\n<p><strong>d)<\/strong> VELEZ-ESTUDIANTES (6\u00aa divisi\u00f3n)<br \/>\nANTES, Leandro (V\u00e9lez): 2 partidos (art. 186 del R.T.P.);<\/p>\n<p><strong>e)<\/strong> VELEZ-ESTUDIANTES (8\u00aa divisi\u00f3n)<br \/>\nMAIDANA, Juli\u00e1n (Estudiantes): 1 partido (art. 207 del R.T.P.);<\/p>\n<p><strong>f)<\/strong> ATENEO-JUVENTUD (1\u00aa divisi\u00f3n), \u00e1rbitro Callegari Ernesto<br \/>\nDAR por finalizado el partido, dando por ganado el mismo al club Ateneo y<br \/>\npor perdido al club Juventud, con el marcador 1 a 0 a favor de Ateneo;<br \/>\nCLERICI, Lucas (Juventud): 4 partidos (art. 185 del R.T.P.);<br \/>\nCORREA, Mat\u00edas (Juventud): 3 partidos (art 186 y 207 del R.T.P.);<br \/>\nMINETTI, Nicol\u00e1s (Juventud): 5 partidos (art. 185 del R.T.P.);<br \/>\nMESSIA, Juan (Juventud): 10 partidos (art. 184, 185 del R.T.P.);<br \/>\nARANDA, Gerardo (Juventud): 4 a\u00f1os (art. 183, 189 del R.T.P.)<br \/>\nLOBOS, Facundo (Juventud):  3 a\u00f1os (art. 183, 189 del R.T.P.)<br \/>\nRAMIREZ, Julio (Ayudante Campo Juventud): 4 a\u00f1os (art.183, 189, 260 del R.T.P.);<br \/>\nESPIL, Oscar (K. Juventud): 5 a\u00f1os (183, 189, 260 del R.T.P.);<br \/>\nMESSIA, Carlos (Vicepresidente Juventud): 4 a\u00f1os de suspensi\u00f3n (art. 248, 253 del R.T.P.); <\/p>\n<p>&#8211; APLICAR MULTA al Club Juventud de 250 v.e. por 2 fechas (arts. 80 inc. b, c del R.T.P.);<br \/>\n&#8211; APLICAR MULTA al Club Ateneo de 70 v.e. por 2 fechas (art. 80 inc. b y c del R.T.P.);<\/p>\n<p><strong>g)<\/strong> MERCEDES \u201cA\u201d-VELEZ (8\u00aa divisi\u00f3n), \u00e1rbitro Viglietti, Javier<br \/>\nALFONSO, Jos\u00e9 (Presidente de V\u00e9lez): 6 meses (art. 45, 48, 24 , 253 del R.T.P.), quien por el tiempo de la sanci\u00f3n aplicada no podr\u00e1 ejercer actividad directriz, cargo o tarea referente al f\u00fatbol (art. 253 del R.T.P.). En caso contrario, se aplicar\u00e1 lo dispuesto en el art. 254 del R.T.P.-<br \/>\nSe le da traslado, de la situacion del Sr. Alfonso, Pte. del Club Velez, a la asamblea de Delegados  de la Liga, a fin de que tomen conocimiento y se actue en consecuencia,-  <\/p>\n<p><strong>h)<\/strong> Juventud \u2013 Uni\u00f3n Carme\u00f1a (cat. 97\/98)<br \/>\nGOMEZ, MAURICIO (Union Carme\u00f1a): 1 partido (art. 207 del R.T.P.);<\/p>\n<p><strong>i)<\/strong> ATENEO-EL FRONTON (Reserva)<br \/>\nPICASSO, Franco (Ateneo) 1 partido (art. 207 del R.T.P.);<\/p>\n<p><strong>j)<\/strong> COMUNICACIONES-EL FRONTON (Categ.<br \/>\nQUIROGA, Alejandro 2 partidos (art. 186 del R.T.P.)<\/p>\n<p><strong>k)<\/strong> DEFENSORES-ATENEO (Categ. 2004)<br \/>\nBASUALDO, Fernando (DT. Ateneo) 60 d\u00edas de suspensi\u00f3n (art. 263 j del R.T.P.) <\/p>\n<p><strong>l)<\/strong> JUVENTUD-UNION CARME\u00d1A (7\u00aa Divisi\u00f3n)<br \/>\nNOVAK, Bernardo 1 partido (art. 207 del R.T.P.);<\/p>\n<p>m) UNION CARME\u00d1A-MERCEDES \u00abA\u00bb (8a div.)<br \/>\nLOPEZ ESCRIVA, Joaqu\u00edn (Mercedes \u00abA\u00bb) 1 partido (art. 207 del R.T.P.)<\/p>\n<p><strong>3\u00b0)<\/strong> Se notifica nuevamente a todas las instituciones de la Liga Mercedina de F\u00fatbol que aquellas personas sancionadas, especialmente dirigentes, se les aplica adem\u00e1s la sanci\u00f3n respectiva lo dispuesto en el art. 253 del R.T.P., el cual se transcribe para mayor ilustraci\u00f3n: \u201cArt. 253 del R.T.P.- EFECTO DE LA SUSPENSION A DIRIGENTE: \u201cLa suspensi\u00f3n impuesta a dirigente de club implica la inhabilitaci\u00f3n para ejercer en la Liga o en sus clubs afiliados cualquier clase de actividad directriz y todo cargo, tarea o funci\u00f3n que est\u00e9 relacionada con asuntos referentes al f\u00fatbol. La inhabilitaci\u00f3n es total. El dirigente as\u00ed sancionado no podr\u00e1n por ning\u00fan concepto t\u00edtulo o car\u00e1cter, en lo que se refiere a las distintas actividades del club vinculadas al f\u00fatbol, representar ni asistir a reuniones de su Comisi\u00f3n Directiva ni a otras reuniones en las que se traten temas relacionados con la actividad de f\u00fatbol en cualquiera de sus aspectos (deportivo, econ\u00f3mico, social, financiero, etc.). La violaci\u00f3n a lo dispuesto en este art\u00edculo ser\u00e1 sancionada con suspensi\u00f3n de uno a cinco a\u00f1os o expulsi\u00f3n de la Liga\u201d.-<br \/>\n\u201cArt. 254.- El club que consienta el quebrantamiento de lo dispuesto en el art. 253, ser\u00e1 sancionado con la pena correspondiente al desacato (art. 75 inc. b) de este reglamento\u201d.-  <\/p>\n<p><strong>4\u00b0)<\/strong> Al pedido de reconsideraci\u00f3n de club Velez por sanci\u00f3n a Blanco, Mart\u00edn (DT), habida cuenta que la misma ha sido sin respetar las formalidades correspondientes y adem\u00e1s, los argumentos expuestos no alcanzan para atenuar la sanci\u00f3n aplicada, corresponde no hacer lugar a la reconsideraci\u00f3n y dejar firme la sanci\u00f3n oportunamente impuesta a Mart\u00edn Blanco.-        <\/p>\n<p>Dr. Juan Repetto (Presidente)<br \/>\nDr. Gast\u00f3n Arenas (Vicepresidente)<br \/>\nDr. David Valerga (Vocal)<br \/>\nDr. Ariel Fusco (Vocal)<\/p>\n","protected":false},"excerpt":{"rendered":"<p>HONORABLE TRIBUNAL DE PENAS FALLO N\u00ba 23\/2014 En la ciudad de Mercedes, Provincia de Buenos Aires, a los 18 d\u00edas del mes de agosto de 2014,siendo las 19:00 hs. se re\u00fane el Honorable Tribunal de Penas de la Liga Mercedina de F\u00fatbol, presidido por el Dr. Juan A. Repetto, con la presencia de los Dres. Gast\u00f3n Arenas y David Valerga,<\/p>\n","protected":false},"author":2,"featured_media":0,"comment_status":"open","ping_status":"open","sticky":false,"template":"","format":"standard","meta":{"footnotes":""},"categories":[4],"tags":[],"class_list":["post-14416","post","type-post","status-publish","format-standard","hentry","category-informaciongeneral"],"_links":{"self":[{"href":"https:\/\/ligamercedina.com\/web\/wp-json\/wp\/v2\/posts\/14416","targetHints":{"allow":["GET"]}}],"collection":[{"href":"https:\/\/ligamercedina.com\/web\/wp-json\/wp\/v2\/posts"}],"about":[{"href":"https:\/\/ligamercedina.com\/web\/wp-json\/wp\/v2\/types\/post"}],"author":[{"embeddable":true,"href":"https:\/\/ligamercedina.com\/web\/wp-json\/wp\/v2\/users\/2"}],"replies":[{"embeddable":true,"href":"https:\/\/ligamercedina.com\/web\/wp-json\/wp\/v2\/comments?post=14416"}],"version-history":[{"count":1,"href":"https:\/\/ligamercedina.com\/web\/wp-json\/wp\/v2\/posts\/14416\/revisions"}],"predecessor-version":[{"id":14417,"href":"https:\/\/ligamercedina.com\/web\/wp-json\/wp\/v2\/posts\/14416\/revisions\/14417"}],"wp:attachment":[{"href":"https:\/\/ligamercedina.com\/web\/wp-json\/wp\/v2\/media?parent=14416"}],"wp:term":[{"taxonomy":"category","embeddable":true,"href":"https:\/\/ligamercedina.com\/web\/wp-json\/wp\/v2\/categories?post=14416"},{"taxonomy":"post_tag","embeddable":true,"href":"https:\/\/ligamercedina.com\/web\/wp-json\/wp\/v2\/tags?post=14416"}],"curies":[{"name":"wp","href":"https:\/\/api.w.org\/{rel}","templated":true}]}}