{"id":14356,"date":"2014-07-30T15:16:58","date_gmt":"2014-07-30T18:16:58","guid":{"rendered":"https:\/\/ligamercedina.com\/web\/?p=14356"},"modified":"2014-08-22T00:06:46","modified_gmt":"2014-08-22T03:06:46","slug":"suspensiones-en-el-futbol-local-por-el-fallecimiento-de-julio-grondona","status":"publish","type":"post","link":"https:\/\/ligamercedina.com\/web\/suspensiones-en-el-futbol-local-por-el-fallecimiento-de-julio-grondona\/","title":{"rendered":"SUSPENSIONES EN EL FUTBOL LOCAL POR EL FALLECIMIENTO DE JULIO GRONDONA"},"content":{"rendered":"<p><strong>Desde la Comisi\u00f3n Directiva de la Liga Mercedina se informa que atento a comunicaci\u00f3n brindada desde el Consejo Federal de AFA, donde se recomienda abstenerse de realizar encuentros hasta el pr\u00f3ximo lunes es que se informa que los partidos que deb\u00edan jugarse entre hoy mi\u00e9rcoles y el pr\u00f3ximo domingo se encuentran suspendidos.<\/strong><\/p>\n<p>En este sentido se informa que los partidos ser\u00e1n reprogramados de la siguiente forma:<\/p>\n<p><em><strong>Lunes 4 de agosto, cancha Liga Mercedina<\/strong><\/em><br \/>\n20:00 hs. V\u00e9lez Vs. Juventud<\/p>\n<p><em><strong>Martes 5 de agosto, cancha Liga Mercedina<\/strong><\/em><br \/>\n20:00 hs. Ateneo Vs. Estudiantes<\/p>\n","protected":false},"excerpt":{"rendered":"<p>Desde la Comisi\u00f3n Directiva de la Liga Mercedina se informa que atento a comunicaci\u00f3n brindada desde el Consejo Federal de AFA, donde se recomienda abstenerse de realizar encuentros hasta el pr\u00f3ximo lunes es que se informa que los partidos que deb\u00edan jugarse entre hoy mi\u00e9rcoles y el pr\u00f3ximo domingo se encuentran suspendidos. En este sentido se informa que los partidos<\/p>\n","protected":false},"author":2,"featured_media":0,"comment_status":"open","ping_status":"open","sticky":false,"template":"","format":"standard","meta":{"footnotes":""},"categories":[4],"tags":[],"class_list":["post-14356","post","type-post","status-publish","format-standard","hentry","category-informaciongeneral"],"_links":{"self":[{"href":"https:\/\/ligamercedina.com\/web\/wp-json\/wp\/v2\/posts\/14356","targetHints":{"allow":["GET"]}}],"collection":[{"href":"https:\/\/ligamercedina.com\/web\/wp-json\/wp\/v2\/posts"}],"about":[{"href":"https:\/\/ligamercedina.com\/web\/wp-json\/wp\/v2\/types\/post"}],"author":[{"embeddable":true,"href":"https:\/\/ligamercedina.com\/web\/wp-json\/wp\/v2\/users\/2"}],"replies":[{"embeddable":true,"href":"https:\/\/ligamercedina.com\/web\/wp-json\/wp\/v2\/comments?post=14356"}],"version-history":[{"count":1,"href":"https:\/\/ligamercedina.com\/web\/wp-json\/wp\/v2\/posts\/14356\/revisions"}],"predecessor-version":[{"id":14357,"href":"https:\/\/ligamercedina.com\/web\/wp-json\/wp\/v2\/posts\/14356\/revisions\/14357"}],"wp:attachment":[{"href":"https:\/\/ligamercedina.com\/web\/wp-json\/wp\/v2\/media?parent=14356"}],"wp:term":[{"taxonomy":"category","embeddable":true,"href":"https:\/\/ligamercedina.com\/web\/wp-json\/wp\/v2\/categories?post=14356"},{"taxonomy":"post_tag","embeddable":true,"href":"https:\/\/ligamercedina.com\/web\/wp-json\/wp\/v2\/tags?post=14356"}],"curies":[{"name":"wp","href":"https:\/\/api.w.org\/{rel}","templated":true}]}}