{"id":14323,"date":"2014-07-19T21:54:11","date_gmt":"2014-07-20T00:54:11","guid":{"rendered":"https:\/\/ligamercedina.com\/web\/?p=14323"},"modified":"2014-07-20T23:43:10","modified_gmt":"2014-07-21T02:43:10","slug":"infanto-juvenil-resultados-fecha-10","status":"publish","type":"post","link":"https:\/\/ligamercedina.com\/web\/infanto-juvenil-resultados-fecha-10\/","title":{"rendered":"INFANTO-JUVENIL: RESULTADOS FECHA 10"},"content":{"rendered":"<blockquote><p><strong>QUILMES &#8211; COMUNICACIONES<\/strong><\/p><\/blockquote>\n<p>Categor\u00eda 2005: 0 &#8211; 3 (Jer\u00f3nimo Minetti, Nicol\u00e1s Navarro, Mateo Pinilla)<br \/>\nCategor\u00eda 2004: 0 &#8211; 1 (Alexis Alvarez)<br \/>\nCategor\u00eda 2003: 3 &#8211; 0<br \/>\nCategor\u00eda 2002: 3 (Dante Garc\u00eda, Lucio R\u00edos 2) &#8211; 4 (Juan Garay, Braian L\u00f3pez, Daniel Lucero 2)<br \/>\nCategor\u00eda 2001: 1 (Isa\u00edas Oteiza) &#8211; 5 (Juan Calder\u00f3n 4, Emanuel Ponce)<br \/>\nCategor\u00eda 2000: 6 (Isaac Corteaux, Cristian Rolando, Claudio De Cellis, Mauricio Escudero, Fabrizio Encinas, Lautaro Grassi) &#8211; 0<br \/>\nCategor\u00eda 1999: 1 (Kevin Moreno) &#8211; 0<br \/>\nCategor\u00eda 98\/97: 2 (Fabricio Chaparro, Angel Silva) &#8211; 0<\/p>\n<blockquote><p><strong>ATENEO -EL FRONTON<\/strong><\/p><\/blockquote>\n<p>Categor\u00eda 2005: 0 &#8211; 1 (Valentino Ferretto)<br \/>\nCategor\u00eda 2004: 1 (Renzo Den\u00edtolis) &#8211; 2 (Bautista Beltr\u00e1n 2)<br \/>\nCategor\u00eda 2003: 1 (Agust\u00edn Fern\u00e1ndez) &#8211; 1 (Tob\u00edas C\u00e1serez)<br \/>\nCategor\u00eda 2002: 1 (Juan Silveyra) &#8211; 1 (Agust\u00edn Terren)<br \/>\nCategor\u00eda 2001: 0 &#8211; 0<br \/>\nCategor\u00eda 2000: 0 &#8211; 3 (Joaqu\u00edn Casado 2, Cristobal Freggiaro)<br \/>\nCategor\u00eda 1999: 1 (Ger\u00f3nimo Puricelli) &#8211; 0<br \/>\nCategor\u00eda 98\/97: 1 (Laureano Rosa) &#8211; 0<\/p>\n<blockquote><p><strong>JUVENTUD &#8211; MERCEDES \u201cA\u201d<\/strong><\/p><\/blockquote>\n<p>Categor\u00eda 2005: 5 (Francisco Silva, Francisco Romagnoli 4) &#8211; 1 (Alejo M\u00e9ndez)<br \/>\nCategor\u00eda 2004: 3 (Mateo Cuenca, Marcos G\u00f3mez 2) &#8211; 0<br \/>\nCategor\u00eda 2003: 1 (Jos\u00e9 Perruiset) &#8211; 2 (Lucas Bocaccio, Tob\u00edas Maldonado)<br \/>\nCategor\u00eda 2002: 3 (Pedro G\u00f3mez, Facundo Mu\u00f1oz, Cristian Ullua) &#8211; 4 (Genaro Mustoni 2, Facundo Raso, Amadeo Rossi)<br \/>\nCategor\u00eda 2001: 3 (Esteban Braghi, Santiago Su\u00e1rez 2) &#8211; 0<br \/>\nCategor\u00eda 2000: 1 (Eli\u00e1n Larregina) &#8211; 1 (Bruno Ivaldi)<\/p>\n<blockquote><p><strong>UNION CARME\u00d1A &#8211; DEFENSORES JUNIORS<\/strong><\/p><\/blockquote>\n<p>Categor\u00eda 2005: 4 (Santiago Caracoche 3, Pedro Regidor) &#8211; 1 (Franco Fekete)<br \/>\nCategor\u00eda 2004: 1 (Benjam\u00edn Pollacchi) &#8211; 1 (N\u00e9stor Lucero)<br \/>\nCategor\u00eda 2003: 2 (Juan Carretero, Mat\u00edas Rocha) &#8211; 0<br \/>\nCategor\u00eda 2002: 8 (Lucas Bas\u00edlico, Nicolino Burgio, Jorge Guevara, Lucas Mesa, Jorge Molina 3, Mateo Quetglas) &#8211; 0<br \/>\nCategor\u00eda 2001: 2 (Ignacio Acosta, Ezequiel Mesa) &#8211; 1 (Lautaro Alvarito)<\/p>\n<blockquote><p><strong>VELEZ SARSFIELD &#8211; LOS PALOMETAS<\/strong><\/p><\/blockquote>\n<p>Categor\u00eda 2005: 2 (Tom\u00e1s Escudero, Joaqu\u00edn Ferreira) &#8211; 0<br \/>\nCategor\u00eda 2004: 3 (Ezequiel Santiago, Bruno Torres, Valent\u00edn Sosena) &#8211; 0<br \/>\nCategor\u00eda 2003: 9 (Alexis D\u00edaz, Lucas D\u00edaz, Marcos Gullo 3, Alexander Pardo, Cristian Su\u00e1rez 2, Alexis Su\u00e1rez) &#8211; 2 (Leonel Melo, Ivan Rapp)<br \/>\nCategor\u00eda 2002: 0 &#8211; 1 (Agust\u00edn Ernst)<\/p>\n<blockquote><p><strong>UNION &#8211; ESTUDIANTES<\/strong><\/p><\/blockquote>\n<p>Categor\u00eda 2005: 0 &#8211; 1 (Agust\u00edn Ronanduano)<br \/>\nCategor\u00eda 2004: 2 (Patricio Douat, Tom\u00e1s Mart\u00ednez) &#8211; 0<br \/>\nCategor\u00eda 2003: 1 (Valent\u00edn Russi) &#8211; 2 (Nahuel Mart\u00ednez, Ulises Ram\u00edre)<br \/>\nCategor\u00eda 2002: 2 (Francisco Bigongiari, Laureano Garc\u00eda) &#8211; 3 (Mateo Manfr\u00edas, Jerem\u00edas Quintana, Brandon Ram\u00edrez)<br \/>\nCategor\u00eda 2001: 1 (Braian Leguizam\u00f3n) &#8211; 2 (Lucas Ramallo, Fabricio Vi\u00f1ez)<br \/>\nCategor\u00eda 2000: 3 &#8211; 1<br \/>\nCategor\u00eda 1999: 1 (Joaqu\u00edn Minadevino) &#8211; 1 (Jorge Ghigliotto)<br \/>\nCategor\u00eda 98\/97: 1 (Juan Bautista Fern\u00e1ndez) &#8211; 6 (El\u00edas Balbi, Juan Giorgione, Dami\u00e1n Mansilla Agust\u00edn Vivas 3)<\/p>\n","protected":false},"excerpt":{"rendered":"<p>QUILMES &#8211; COMUNICACIONES Categor\u00eda 2005: 0 &#8211; 3 (Jer\u00f3nimo Minetti, Nicol\u00e1s Navarro, Mateo Pinilla) Categor\u00eda 2004: 0 &#8211; 1 (Alexis Alvarez) Categor\u00eda 2003: 3 &#8211; 0 Categor\u00eda 2002: 3 (Dante Garc\u00eda, Lucio R\u00edos 2) &#8211; 4 (Juan Garay, Braian L\u00f3pez, Daniel Lucero 2) Categor\u00eda 2001: 1 (Isa\u00edas Oteiza) &#8211; 5 (Juan Calder\u00f3n 4, Emanuel Ponce) Categor\u00eda 2000: 6 (Isaac Corteaux,<\/p>\n","protected":false},"author":2,"featured_media":0,"comment_status":"open","ping_status":"open","sticky":false,"template":"","format":"standard","meta":{"footnotes":""},"categories":[4],"tags":[],"class_list":["post-14323","post","type-post","status-publish","format-standard","hentry","category-informaciongeneral"],"_links":{"self":[{"href":"https:\/\/ligamercedina.com\/web\/wp-json\/wp\/v2\/posts\/14323","targetHints":{"allow":["GET"]}}],"collection":[{"href":"https:\/\/ligamercedina.com\/web\/wp-json\/wp\/v2\/posts"}],"about":[{"href":"https:\/\/ligamercedina.com\/web\/wp-json\/wp\/v2\/types\/post"}],"author":[{"embeddable":true,"href":"https:\/\/ligamercedina.com\/web\/wp-json\/wp\/v2\/users\/2"}],"replies":[{"embeddable":true,"href":"https:\/\/ligamercedina.com\/web\/wp-json\/wp\/v2\/comments?post=14323"}],"version-history":[{"count":1,"href":"https:\/\/ligamercedina.com\/web\/wp-json\/wp\/v2\/posts\/14323\/revisions"}],"predecessor-version":[{"id":14324,"href":"https:\/\/ligamercedina.com\/web\/wp-json\/wp\/v2\/posts\/14323\/revisions\/14324"}],"wp:attachment":[{"href":"https:\/\/ligamercedina.com\/web\/wp-json\/wp\/v2\/media?parent=14323"}],"wp:term":[{"taxonomy":"category","embeddable":true,"href":"https:\/\/ligamercedina.com\/web\/wp-json\/wp\/v2\/categories?post=14323"},{"taxonomy":"post_tag","embeddable":true,"href":"https:\/\/ligamercedina.com\/web\/wp-json\/wp\/v2\/tags?post=14323"}],"curies":[{"name":"wp","href":"https:\/\/api.w.org\/{rel}","templated":true}]}}