{"id":14212,"date":"2014-06-13T18:28:37","date_gmt":"2014-06-13T18:28:37","guid":{"rendered":"https:\/\/ligamercedina.com\/web\/?p=14212"},"modified":"2014-06-14T14:43:16","modified_gmt":"2014-06-14T14:43:16","slug":"primera-division-mercedes-estudiantes-va-el-martes","status":"publish","type":"post","link":"https:\/\/ligamercedina.com\/web\/primera-division-mercedes-estudiantes-va-el-martes\/","title":{"rendered":"PRIMERA DIVISION: MERCEDES &#8211; ESTUDIANTES VA EL MARTES"},"content":{"rendered":"<p style=\"color: #313031;\">Martes 17 de junio, cancha Liga Mercedina<br \/>\n15:15 hs. Mercedes Vs. Estudiantes<\/p>\n<p style=\"color: #313031;\"><em><strong>* El partido de Reserva entre ambos equipos se jugar\u00e1 el d\u00eda mi\u00e9rcoles a las 17:30 en cancha de Mercedes.<\/strong><\/em><\/p>\n","protected":false},"excerpt":{"rendered":"<p>Martes 17 de junio, cancha Liga Mercedina 15:15 hs. Mercedes Vs. Estudiantes * El partido de Reserva entre ambos equipos se jugar\u00e1 el d\u00eda mi\u00e9rcoles a las 17:30 en cancha de Mercedes.<\/p>\n","protected":false},"author":2,"featured_media":0,"comment_status":"open","ping_status":"open","sticky":false,"template":"","format":"standard","meta":{"footnotes":""},"categories":[1],"tags":[],"class_list":["post-14212","post","type-post","status-publish","format-standard","hentry","category-sin-categoria"],"_links":{"self":[{"href":"https:\/\/ligamercedina.com\/web\/wp-json\/wp\/v2\/posts\/14212","targetHints":{"allow":["GET"]}}],"collection":[{"href":"https:\/\/ligamercedina.com\/web\/wp-json\/wp\/v2\/posts"}],"about":[{"href":"https:\/\/ligamercedina.com\/web\/wp-json\/wp\/v2\/types\/post"}],"author":[{"embeddable":true,"href":"https:\/\/ligamercedina.com\/web\/wp-json\/wp\/v2\/users\/2"}],"replies":[{"embeddable":true,"href":"https:\/\/ligamercedina.com\/web\/wp-json\/wp\/v2\/comments?post=14212"}],"version-history":[{"count":1,"href":"https:\/\/ligamercedina.com\/web\/wp-json\/wp\/v2\/posts\/14212\/revisions"}],"predecessor-version":[{"id":14213,"href":"https:\/\/ligamercedina.com\/web\/wp-json\/wp\/v2\/posts\/14212\/revisions\/14213"}],"wp:attachment":[{"href":"https:\/\/ligamercedina.com\/web\/wp-json\/wp\/v2\/media?parent=14212"}],"wp:term":[{"taxonomy":"category","embeddable":true,"href":"https:\/\/ligamercedina.com\/web\/wp-json\/wp\/v2\/categories?post=14212"},{"taxonomy":"post_tag","embeddable":true,"href":"https:\/\/ligamercedina.com\/web\/wp-json\/wp\/v2\/tags?post=14212"}],"curies":[{"name":"wp","href":"https:\/\/api.w.org\/{rel}","templated":true}]}}