{"id":131,"date":"2007-07-13T10:16:38","date_gmt":"2007-07-13T13:16:38","guid":{"rendered":"https:\/\/ligamercedina.com\/?p=131"},"modified":"2007-07-13T10:16:38","modified_gmt":"2007-07-13T13:16:38","slug":"en-futbol-infantil-se-juegan-solo-postergados","status":"publish","type":"post","link":"https:\/\/ligamercedina.com\/web\/en-futbol-infantil-se-juegan-solo-postergados\/","title":{"rendered":"EN FUTBOL INFANTIL SE JUEGAN SOLO POSTERGADOS"},"content":{"rendered":"<p>El mi\u00e9rcoles hubo reuni\u00f3n en la Liga, y en torno al f\u00fatbol infantil se decidi\u00f3 jugar varios de los partidos postergados.<br \/>\nEn su cancha Club Mercedes desde las 12.30 se medir\u00e1 con Mercedes A en la clase 94, a continuaci\u00f3n enfrentar\u00e1 a Ateneo en las categor\u00edas 93, 92 y 90-91. M\u00e1s f\u00fatbol habr\u00e1 en el predio de Estudiantes, tambi\u00e9n desde las 12.30 entre el local y V\u00e9lez en 94, 93, 92 y 90-91. Desde las 13.30 se pondr\u00e1n en marcha los encuentros de cancha de 9 midi\u00e9ndose Mercedes vs. Ateneo y Estudiantes vs. V\u00e9lez. Una vez que queden disputados todos los cotejos el s\u00e1bado 21 se concretar\u00e1 la curta fecha, en los dos fines de semana siguientes estar\u00e1 el receso, la actividad del infanto juvenil se reanudar\u00e1 el s\u00e1bado 11 de agosto. Para esa fecha, o en otra a confirmar, se pondr\u00e1n al d\u00eda Mercedes y Mercedes A en 93, 92 y 90-91.<\/p>\n","protected":false},"excerpt":{"rendered":"<p>El mi\u00e9rcoles hubo reuni\u00f3n en la Liga, y en torno al f\u00fatbol infantil se decidi\u00f3 jugar varios de los partidos postergados. En su cancha Club Mercedes desde las 12.30 se medir\u00e1 con Mercedes A en la clase 94, a continuaci\u00f3n enfrentar\u00e1 a Ateneo en las categor\u00edas 93, 92 y 90-91. M\u00e1s f\u00fatbol habr\u00e1 en el predio de Estudiantes, tambi\u00e9n desde<\/p>\n","protected":false},"author":1,"featured_media":0,"comment_status":"open","ping_status":"open","sticky":false,"template":"","format":"standard","meta":{"footnotes":""},"categories":[4],"tags":[],"class_list":["post-131","post","type-post","status-publish","format-standard","hentry","category-informaciongeneral"],"_links":{"self":[{"href":"https:\/\/ligamercedina.com\/web\/wp-json\/wp\/v2\/posts\/131","targetHints":{"allow":["GET"]}}],"collection":[{"href":"https:\/\/ligamercedina.com\/web\/wp-json\/wp\/v2\/posts"}],"about":[{"href":"https:\/\/ligamercedina.com\/web\/wp-json\/wp\/v2\/types\/post"}],"author":[{"embeddable":true,"href":"https:\/\/ligamercedina.com\/web\/wp-json\/wp\/v2\/users\/1"}],"replies":[{"embeddable":true,"href":"https:\/\/ligamercedina.com\/web\/wp-json\/wp\/v2\/comments?post=131"}],"version-history":[{"count":0,"href":"https:\/\/ligamercedina.com\/web\/wp-json\/wp\/v2\/posts\/131\/revisions"}],"wp:attachment":[{"href":"https:\/\/ligamercedina.com\/web\/wp-json\/wp\/v2\/media?parent=131"}],"wp:term":[{"taxonomy":"category","embeddable":true,"href":"https:\/\/ligamercedina.com\/web\/wp-json\/wp\/v2\/categories?post=131"},{"taxonomy":"post_tag","embeddable":true,"href":"https:\/\/ligamercedina.com\/web\/wp-json\/wp\/v2\/tags?post=131"}],"curies":[{"name":"wp","href":"https:\/\/api.w.org\/{rel}","templated":true}]}}