{"id":125,"date":"2007-07-07T11:57:48","date_gmt":"2007-07-07T14:57:48","guid":{"rendered":"https:\/\/ligamercedina.com\/?p=125"},"modified":"2007-07-07T11:57:48","modified_gmt":"2007-07-07T14:57:48","slug":"se-juega-una-nueva-fecha-de-los-torneos-4","status":"publish","type":"post","link":"https:\/\/ligamercedina.com\/web\/se-juega-una-nueva-fecha-de-los-torneos-4\/","title":{"rendered":"SE JUGO UNA NUEVA FECHA DE LOS TORNEOS"},"content":{"rendered":"<p><strong>Termin\u00f3 hace minutos una nueva fecha de los torneos de f\u00fatbol infantil. Lamentablemente en cancha grande de Club Mercedes debieron suspenderse los encuentros de las Categor\u00edas 94, 93, 92 y 91 debido a que uno de los \u00e1rbitros (Puchetta) present\u00f3 un problema familiar y debi\u00f3 retirarse del lugar.<br \/>\nEste lunes se juegan los postergados entre Mercedes-Ateneo y Estudiantes-V\u00e9lez<br \/>\nEn Tercera, Estudiantes le gan\u00f3 a Palometas y habr\u00e1 final entre el pincha y Club Mercedes.<br \/>\n<\/strong><\/p>\n<p><a href=\"https:\/\/ligamercedina.com\/?page_id=12\">POSICIONES  <\/a><a href=\"https:\/\/ligamercedina.com\/?page_id=68\">GOLEADORES<\/a><\/p>\n<p><strong>RESULTADOS<\/p>\n<p><em><strong>PRIMERA DIVISION<\/strong><\/em><\/p>\n<p><\/strong><strong>SAN JOSE: -2-;<\/strong> Franco Strigaro y Rodrigo Mart\u00ednez<br \/>\n<strong>UNION: -1-;<\/strong> Juan Massa<\/p>\n<p><em>F\u00fatbol Infantil<\/em><\/p>\n<p><em><strong>MERCEDES VS. MERCEDES \u201cA\u201d<\/strong><\/em><\/p>\n<p><em>Categor\u00eda 98<\/em><br \/>\n<strong>0<\/strong><br \/>\n<strong>1<\/strong> Franco Trofelli<!--more--><\/p>\n<p><em>Categor\u00eda 97<\/em><br \/>\n<strong>5<\/strong> Manuel Bonnet, Marcos Cagnone, Franco Irusta y Ramiro Roa (2)<br \/>\n<strong>0<\/strong><\/p>\n<p><em>Categor\u00eda 96<\/em><br \/>\n<strong>0<\/strong><br \/>\n<strong>1 <\/strong>Santiago Snaider<\/p>\n<p><em>Categor\u00eda 95<\/em><br \/>\n<strong>2 <\/strong>Federico Lennard e Ignacio J\u00e1uregui<br \/>\n<strong>0<\/strong><\/p>\n<p><em>Categor\u00eda 94<\/em><br \/>\n<strong>Suspendido<\/strong><\/p>\n<p><em>Categor\u00eda 93<\/em><br \/>\n<strong>Suspendido<\/strong><\/p>\n<p>C<em>ategor\u00eda 92<\/em><br \/>\n<strong>Suspendido<\/strong><\/p>\n<p>Ca<em>tegor\u00eda 91\/90<\/em><strong>Suspendido<\/strong><\/p>\n<p><strong>ESTUDIANTES VS. JUVENTUD<\/strong><\/p>\n<p><em>Categor\u00eda 98<\/em><br \/>\n<strong>2 <\/strong>Nicol\u00e1s Bartolomeo y Nicol\u00e1s Gallo<br \/>\n<strong>0<\/strong><\/p>\n<p><em>Categor\u00eda 97<\/em><br \/>\n<strong>1<\/strong> Franco Olivieri<br \/>\n<strong>0<\/strong><\/p>\n<p><em>Categor\u00eda 96<\/em><br \/>\n<strong>0<\/strong><br \/>\n<strong>1<\/strong> Rodrigo Fanuchi<\/p>\n<p><em>Categor\u00eda 95<\/em><br \/>\n<strong>2<\/strong> Carlos Dubertti y Ezequiel Avelar<br \/>\n<strong>1 <\/strong>Joaqu\u00edn Sosa<\/p>\n<p>C<em>ategor\u00eda 94<\/em><br \/>\n<strong>1<\/strong> Franco Ledesma<br \/>\n<strong>2<\/strong> Alfonso Salaverri y Tom\u00e1s Rosetti<\/p>\n<p>Categor\u00eda 93<br \/>\n<strong>0<br \/>\n0<\/strong><\/p>\n<p><em>Categor\u00eda 92<\/em><br \/>\n<strong>2<\/strong> Bruno Maldonado y Franco Mart\u00ednez<br \/>\n<strong>1<\/strong><\/p>\n<p><em>Categor\u00eda 91\/90<\/em><br \/>\n<strong>0<\/strong><br \/>\n<strong>3<\/strong> Federico Clarac, Joaqu\u00edn Bidondo y Mat\u00edas S\u00e1nchez.<\/p>\n<p><strong>VELEZ VS. ATENEO<\/strong><\/p>\n<p><em>Categor\u00eda 98<\/em><br \/>\n<strong>1<\/strong> Fabricio Chaparro<br \/>\n<strong>0<\/strong><\/p>\n<p><em>Categor\u00eda 97<\/em><br \/>\n<strong>0<\/strong><br \/>\n<strong>8<\/strong> Luciano Ravassa, Tom\u00e1s Puricelli, Nicol\u00e1s P\u00e9rez, Mauro Conte y Brian D\u00edaz (4)<\/p>\n<p><em>Categor\u00eda 96<\/em><br \/>\n<strong>2 <\/strong>Franco Chappe y Nicol\u00e1s Ram\u00edrez<br \/>\n<strong>0<\/strong><\/p>\n<p><em>Categor\u00eda 95<\/em><br \/>\n<strong>0<br \/>\n0<\/strong><\/p>\n<p><em>Categor\u00eda 94<\/em><br \/>\n<strong>1 <\/strong>Lucas Alfonso<br \/>\n<strong>1<\/strong> Manuel Culicino<\/p>\n<p><em>Categor\u00eda 93<\/em><br \/>\n<strong>2 <\/strong>Daniel Jara y Diego L\u00f3pez<br \/>\n<strong>6<\/strong> David M\u00e9ndez, Emmanuel G\u00f3mez, Lucas Cendoya (2), Juan Burgos y Carlos Zuletta<\/p>\n<p><em>Categor\u00eda 92<\/em><br \/>\n<strong>3<\/strong> Diego Dubertti, Maximiliano Lencina y Emiliano Ortiz<br \/>\n<strong>3<\/strong> Lucas Lofreda, Facundo Cendoya y Blas Aschero<\/p>\n<p><em>Categor\u00eda 91\/90<\/em><br \/>\n<strong>2 <\/strong>Nicol\u00e1s D\u00edaz y Omar Fleyta<br \/>\n<strong>3<\/strong> Diego Ventrelli (2) y Nicol\u00e1s Vargas<\/p>\n<p><strong>UNION VS. QUILMES<\/strong><\/p>\n<p><em>Categor\u00eda 98<\/em><br \/>\n<strong>1<\/strong> Facundo Lastau<br \/>\n<strong>2<\/strong> Mariano Giardelli y Braian Cardozo<\/p>\n<p><em>Categor\u00eda 97<\/em><br \/>\n<strong>0<br \/>\n1<\/strong> Cristian Far\u00edas<\/p>\n<p><em>Categor\u00eda 96<\/em><br \/>\n<strong>0<br \/>\n5<\/strong> Lucas Mollo, Renzo Brandoni (2) y El\u00edas Altieri (2)<\/p>\n<p><em><strong>TERCERA DIVISION<\/strong><\/em><\/p>\n<p><strong>JUVENTUD: -3-;<\/strong> Mart\u00edn Barrios (2) y Bruno Rossetti<br \/>\n<strong>QUILMES: -1-;<\/strong> Catriel Piaggio<\/p>\n<p><strong>ESTUDIANTES: -4-;<\/strong> Rodrigo Dematey (2), Nicol\u00e1s Zalba y Eli\u00e1n Gonz\u00e1lez<br \/>\n<strong>PALOMETAS: -1-;<\/strong> Mariano Anido<\/p>\n<p><strong>ATENEO: -1-; <\/strong>Pedro Laporta (2)<br \/>\n<strong>VELEZ: -4-; <\/strong>Sebasti\u00e1n Remolgado (2), Jorge Bord\u00f3n y Ariel Ant\u00fanez<\/p>\n","protected":false},"excerpt":{"rendered":"<p>Termin\u00f3 hace minutos una nueva fecha de los torneos de f\u00fatbol infantil. Lamentablemente en cancha grande de Club Mercedes debieron suspenderse los encuentros de las Categor\u00edas 94, 93, 92 y 91 debido a que uno de los \u00e1rbitros (Puchetta) present\u00f3 un problema familiar y debi\u00f3 retirarse del lugar. Este lunes se juegan los postergados entre Mercedes-Ateneo y Estudiantes-V\u00e9lez En Tercera,<\/p>\n","protected":false},"author":1,"featured_media":0,"comment_status":"open","ping_status":"open","sticky":false,"template":"","format":"standard","meta":{"footnotes":""},"categories":[4],"tags":[],"class_list":["post-125","post","type-post","status-publish","format-standard","hentry","category-informaciongeneral"],"_links":{"self":[{"href":"https:\/\/ligamercedina.com\/web\/wp-json\/wp\/v2\/posts\/125","targetHints":{"allow":["GET"]}}],"collection":[{"href":"https:\/\/ligamercedina.com\/web\/wp-json\/wp\/v2\/posts"}],"about":[{"href":"https:\/\/ligamercedina.com\/web\/wp-json\/wp\/v2\/types\/post"}],"author":[{"embeddable":true,"href":"https:\/\/ligamercedina.com\/web\/wp-json\/wp\/v2\/users\/1"}],"replies":[{"embeddable":true,"href":"https:\/\/ligamercedina.com\/web\/wp-json\/wp\/v2\/comments?post=125"}],"version-history":[{"count":0,"href":"https:\/\/ligamercedina.com\/web\/wp-json\/wp\/v2\/posts\/125\/revisions"}],"wp:attachment":[{"href":"https:\/\/ligamercedina.com\/web\/wp-json\/wp\/v2\/media?parent=125"}],"wp:term":[{"taxonomy":"category","embeddable":true,"href":"https:\/\/ligamercedina.com\/web\/wp-json\/wp\/v2\/categories?post=125"},{"taxonomy":"post_tag","embeddable":true,"href":"https:\/\/ligamercedina.com\/web\/wp-json\/wp\/v2\/tags?post=125"}],"curies":[{"name":"wp","href":"https:\/\/api.w.org\/{rel}","templated":true}]}}