{"id":120,"date":"2007-07-01T17:51:01","date_gmt":"2007-07-01T20:51:01","guid":{"rendered":"https:\/\/ligamercedina.com\/?p=120"},"modified":"2007-07-01T17:51:01","modified_gmt":"2007-07-01T20:51:01","slug":"san-marcos-fc-se-quedo-con-el-apertura-de-primera","status":"publish","type":"post","link":"https:\/\/ligamercedina.com\/web\/san-marcos-fc-se-quedo-con-el-apertura-de-primera\/","title":{"rendered":"SAN MARCOS FC SE QUED\u00d3 CON EL APERTURA DE PRIMERA"},"content":{"rendered":"<p>E<strong>sta tarde se jug\u00f3 el partido final, donde al cabo de los 90 minutos igualaron 1 a 1. En definici\u00f3n por penales, el equipo de Marcos Paz se impuso por 5 a 3.<\/strong><br \/>\nEn tanto, a primera hora Quilmes derrot\u00f3 a Juventud de Suipacha por 3 a 2<br \/>\n<a href=\"https:\/\/ligamercedina.com\/?page_id=121\">RESULTADOS <\/a><a href=\"https:\/\/ligamercedina.com\/?page_id=12\">POSICIONES<\/a>                                           <a href=\"https:\/\/ligamercedina.com\/?page_id=68\">GOLEADORES<\/a><\/p>\n<p><img src='https:\/\/ligamercedina.com\/wp-content\/Dscn0041.jpg' alt='' \/><br \/>\n<strong>Los jugadores de San Marcos festejan ante sus hinchas. (FOTO GENTILEZA SEMANARIO PROTAGONISTAS DE MERCEDES)<\/strong><\/p>\n<p><em><strong>SINTESIS DE LA FINAL<\/strong><\/em><\/p>\n<p><strong>ESTUDIANTES   1 (3)<\/strong><br \/>\nNicol\u00e1s Borrasca; Maximiliano Lobos, Joaqu\u00edn Villa, Federico Bassi, Juli\u00e1n Inzaurgarat, Patricio Ravassa, Pablo Gorosito, Federico Mariela, Ezequiel Van\u00edn, Gast\u00f3n Godoy y Sebasti\u00e1n Filipini. <em><strong>DT:<\/strong><\/em> Guillermo Vola<br \/>\n<em><strong>SUPLENTES:<\/strong><\/em> Gonzalo Lab\u00edn, Nicol\u00e1s Nava y Rub\u00e9n Mansilla<\/p>\n<p><strong>SAN MARCOS 1 (5)<\/strong><br \/>\nGuillermo Borda; Cristian Cantero, Marcelo Auli, Santiago Aquino, Leandro Rieth, Elvio Figueroa,  Hern\u00e1n Sotelo, Omar Poumeyrol, Roberto Barrientos, Juan Paulerena y Agust\u00edn Navarro.  <em><strong>DT:<\/strong><\/em> Sergio Bernstein<br \/>\n<strong>SUPLENTES:<\/strong> V\u00edctor Brasca, Luciano Reyes, Ignacio Bejarano y Hugo Brand\u00e1n<\/p>\n<p><strong>GOLES:<\/strong> ST 31\u2019 Rieth (SM) y 42\u2019 Inzaugarat (E)<br \/>\n<strong>CAMBIOS: En Estudiantes:<\/strong> Mariano Rodr\u00edguez y Alfonso Castro por Ravassa y Mariela. <strong>En San Marcos:<\/strong> Jes\u00fas Torregrosa por Paulerena.<br \/>\n<strong>INCIDENCIAS:<\/strong> ST Expulsados 1\u2019 Navarro (SM). 34\u2019 Rieth (SM) y 47\u2019 Inzaugarat (E).<br \/>\n<strong>DEFINICI\u00d3N POR PENALES:<\/strong> Para San Marcos convirtieron: Aquino, Auli, Sotelo, Figueroa y Barrientos. Para Estudiantes: Lobos, Godoy y Gorosito. Borda, arquero de San Marcos le contuvo el penal a Van\u00edn.<br \/>\n<strong>ARBITRO:<\/strong> Diego Bobadilla \u2013 BIEN \u2013<\/p>\n<p><img src='https:\/\/ligamercedina.com\/wp-content\/Dscn0911.jpg' alt='' \/><br \/>\n(FOTO GENTILEZA SEMANARIO PROTAGONISTAS)<\/p>\n<p><img src='https:\/\/ligamercedina.com\/wp-content\/Dscn0027.jpg' alt='' \/><br \/>\nEstudiantes fue acompa\u00f1ado por muy buena cantidad de hinchas<\/p>\n","protected":false},"excerpt":{"rendered":"<p>Esta tarde se jug\u00f3 el partido final, donde al cabo de los 90 minutos igualaron 1 a 1. En definici\u00f3n por penales, el equipo de Marcos Paz se impuso por 5 a 3. En tanto, a primera hora Quilmes derrot\u00f3 a Juventud de Suipacha por 3 a 2 RESULTADOS POSICIONES GOLEADORES Los jugadores de San Marcos festejan ante sus hinchas.<\/p>\n","protected":false},"author":1,"featured_media":0,"comment_status":"open","ping_status":"open","sticky":false,"template":"","format":"standard","meta":{"footnotes":""},"categories":[4],"tags":[],"class_list":["post-120","post","type-post","status-publish","format-standard","hentry","category-informaciongeneral"],"_links":{"self":[{"href":"https:\/\/ligamercedina.com\/web\/wp-json\/wp\/v2\/posts\/120","targetHints":{"allow":["GET"]}}],"collection":[{"href":"https:\/\/ligamercedina.com\/web\/wp-json\/wp\/v2\/posts"}],"about":[{"href":"https:\/\/ligamercedina.com\/web\/wp-json\/wp\/v2\/types\/post"}],"author":[{"embeddable":true,"href":"https:\/\/ligamercedina.com\/web\/wp-json\/wp\/v2\/users\/1"}],"replies":[{"embeddable":true,"href":"https:\/\/ligamercedina.com\/web\/wp-json\/wp\/v2\/comments?post=120"}],"version-history":[{"count":0,"href":"https:\/\/ligamercedina.com\/web\/wp-json\/wp\/v2\/posts\/120\/revisions"}],"wp:attachment":[{"href":"https:\/\/ligamercedina.com\/web\/wp-json\/wp\/v2\/media?parent=120"}],"wp:term":[{"taxonomy":"category","embeddable":true,"href":"https:\/\/ligamercedina.com\/web\/wp-json\/wp\/v2\/categories?post=120"},{"taxonomy":"post_tag","embeddable":true,"href":"https:\/\/ligamercedina.com\/web\/wp-json\/wp\/v2\/tags?post=120"}],"curies":[{"name":"wp","href":"https:\/\/api.w.org\/{rel}","templated":true}]}}