{"id":1131,"date":"2009-04-28T20:32:59","date_gmt":"2009-04-28T23:32:59","guid":{"rendered":"https:\/\/ligamercedina.com\/?p=1131"},"modified":"2009-04-28T20:32:59","modified_gmt":"2009-04-28T23:32:59","slug":"horarios-para-el-fin-de-semana-28","status":"publish","type":"post","link":"https:\/\/ligamercedina.com\/web\/horarios-para-el-fin-de-semana-28\/","title":{"rendered":"HORARIOS PARA EL FIN DE SEMANA"},"content":{"rendered":"<blockquote>\n<ul>\n<strong>FUTBOL DE PRIMERA<\/strong><\/ul>\n<\/blockquote>\n<p><em><strong>Viernes 1\u00b0 de Mayo (A puertas cerradas)<\/strong><\/em><br \/>\n15 hs. Estudiantes Vs. Club Mercedes<\/p>\n<p><em><strong>Domingo 3 de Mayo (Con p\u00fablico)<\/strong><\/em><br \/>\n14 hs. V\u00e9lez Sarsfield Vs. Juventud de Suipacha<br \/>\n16 hs. Los Palometas Vs. Club Mercedes<\/p>\n<blockquote>\n<ul>\n<strong>RESERVA: (S\u00e1bado 2 de mayo)<\/strong><\/ul>\n<\/blockquote>\n<p><em><strong>Cancha Pabell\u00f3n Argentino<\/strong><\/em><br \/>\n15.00 hs. Pabell\u00f3n Argentino Vs. El Front\u00f3n<\/p>\n<p><em><strong>Cancha Estudiantes<\/strong><\/em><br \/>\n13.30 hs. V\u00e9lez Sarsfield Vs. Quilmes<br \/>\n15.30 hs. Estudiantes Vs. Juventud<\/p>\n<blockquote>\n<ul>\n<strong>FUTBOL INFANTIL: (S\u00e1bado 2 de mayo)<\/strong><\/ul>\n<\/blockquote>\n<p><strong>Comunicaciones Vs. Quilmes<\/strong><br \/>\n<em>\u2013cancha 9-<\/em><br \/>\n13.30 hs. Categor\u00eda 2001<br \/>\n14.30 hs. Categor\u00eda 2000<br \/>\n15.30 hs. Categor\u00eda 99<br \/>\n16.30 hs. Categor\u00eda 98<\/p>\n<p><em>Cancha 11<\/em><br \/>\n12.30 hs. Categor\u00eda 97<br \/>\n13.30 hs. Categor\u00eda 92\/93<br \/>\n15.00 hs. Categor\u00eda 95<br \/>\n16.30 hs. Categor\u00eda 94<\/p>\n<p><strong>Ateneo Vs. Mercedes \u00abA\u00bb<\/strong><br \/>\n<em>\u2013cancha 9-<\/em><br \/>\n13.30 hs. Categor\u00eda 2001<br \/>\n14.30 hs. Categor\u00eda 2000<br \/>\n15.30 hs. Categor\u00eda 99<br \/>\n16.30 hs. Categor\u00eda 98<\/p>\n<p><em>Cancha 11<\/em><br \/>\n11.30 hs. Categor\u00eda 97<br \/>\n12.30 hs. Categor\u00eda 96<br \/>\n13.30 hs. Categor\u00eda 92\/93<br \/>\n15.15 hs. Categor\u00eda 95<br \/>\n16.30 hs. Categor\u00eda 94<\/p>\n<p><strong>Juventud Vs. Estudiantes<\/strong><br \/>\n<em>\u2013cancha 9-<\/em><br \/>\n13.30 hs. Categor\u00eda 2001<br \/>\n14.30 hs. Categor\u00eda 2000<br \/>\n15.30 hs. Categor\u00eda 99<br \/>\n16.30 hs. Categor\u00eda 98<\/p>\n<p><em>Cancha 11<\/em><br \/>\n11.30 hs. Categor\u00eda 97<br \/>\n12.30 hs. Categor\u00eda 96<br \/>\n13.30 hs. Categor\u00eda 92\/93<br \/>\n15.15 hs. Categor\u00eda 95<br \/>\n16.30 hs. Categor\u00eda 94<\/p>\n<p><strong>El Front\u00f3n Vs. V\u00e9lez Sarsfield<\/strong><br \/>\n<em>\u2013cancha 9-<\/em><br \/>\n13.30 hs. Categor\u00eda 2001<br \/>\n14.30 hs. Categor\u00eda 2000<br \/>\n15.30 hs. Categor\u00eda 99<br \/>\n16.30 hs. Categor\u00eda 98<\/p>\n<p><em>Cancha 11<\/em><br \/>\n11.30 hs. Categor\u00eda 97<br \/>\n12.30 hs. Categor\u00eda 96<br \/>\n13.30 hs. Categor\u00eda 92\/93<br \/>\n15.15 hs. Categor\u00eda 95<br \/>\n16.30 hs. Categor\u00eda 94<\/p>\n","protected":false},"excerpt":{"rendered":"<p>FUTBOL DE PRIMERA Viernes 1\u00b0 de Mayo (A puertas cerradas) 15 hs. Estudiantes Vs. Club Mercedes Domingo 3 de Mayo (Con p\u00fablico) 14 hs. V\u00e9lez Sarsfield Vs. Juventud de Suipacha 16 hs. Los Palometas Vs. Club Mercedes RESERVA: (S\u00e1bado 2 de mayo) Cancha Pabell\u00f3n Argentino 15.00 hs. Pabell\u00f3n Argentino Vs. El Front\u00f3n Cancha Estudiantes 13.30 hs. V\u00e9lez Sarsfield Vs. Quilmes<\/p>\n","protected":false},"author":1,"featured_media":0,"comment_status":"open","ping_status":"open","sticky":false,"template":"","format":"standard","meta":{"footnotes":""},"categories":[4],"tags":[],"class_list":["post-1131","post","type-post","status-publish","format-standard","hentry","category-informaciongeneral"],"_links":{"self":[{"href":"https:\/\/ligamercedina.com\/web\/wp-json\/wp\/v2\/posts\/1131","targetHints":{"allow":["GET"]}}],"collection":[{"href":"https:\/\/ligamercedina.com\/web\/wp-json\/wp\/v2\/posts"}],"about":[{"href":"https:\/\/ligamercedina.com\/web\/wp-json\/wp\/v2\/types\/post"}],"author":[{"embeddable":true,"href":"https:\/\/ligamercedina.com\/web\/wp-json\/wp\/v2\/users\/1"}],"replies":[{"embeddable":true,"href":"https:\/\/ligamercedina.com\/web\/wp-json\/wp\/v2\/comments?post=1131"}],"version-history":[{"count":5,"href":"https:\/\/ligamercedina.com\/web\/wp-json\/wp\/v2\/posts\/1131\/revisions"}],"predecessor-version":[{"id":1138,"href":"https:\/\/ligamercedina.com\/web\/wp-json\/wp\/v2\/posts\/1131\/revisions\/1138"}],"wp:attachment":[{"href":"https:\/\/ligamercedina.com\/web\/wp-json\/wp\/v2\/media?parent=1131"}],"wp:term":[{"taxonomy":"category","embeddable":true,"href":"https:\/\/ligamercedina.com\/web\/wp-json\/wp\/v2\/categories?post=1131"},{"taxonomy":"post_tag","embeddable":true,"href":"https:\/\/ligamercedina.com\/web\/wp-json\/wp\/v2\/tags?post=1131"}],"curies":[{"name":"wp","href":"https:\/\/api.w.org\/{rel}","templated":true}]}}