{"id":108,"date":"2007-06-16T10:09:56","date_gmt":"2007-06-16T13:09:56","guid":{"rendered":"https:\/\/ligamercedina.com\/?p=108"},"modified":"2007-06-16T10:09:56","modified_gmt":"2007-06-16T13:09:56","slug":"se-juega-una-nueva-fecha-de-los-torneos-2","status":"publish","type":"post","link":"https:\/\/ligamercedina.com\/web\/se-juega-una-nueva-fecha-de-los-torneos-2\/","title":{"rendered":"SE JUGO UNA NUEVA FECHA DE LOS TORNEOS"},"content":{"rendered":"<p><strong>RESULTADOS DE LOS PARTIDOS A JUGADOS  SABADO Y DOMINGO DONDE TAMBI\u00c9N FUERON SUSPENDIDOS LOS PARTIDOS ENTRE ESTUDIANTES Y VELEZ SARSFIELD (FUTBOL INFANTIL)<\/p>\n<p><a href=\"https:\/\/ligamercedina.com\/?page_id=109\">RESULTADOS <\/a><a href=\"https:\/\/ligamercedina.com\/?page_id=12\">POSICIONES <\/a><a href=\"https:\/\/ligamercedina.com\/?page_id=68\">GOLEADORES<br \/>\n<\/a><a href=\"https:\/\/ligamercedina.com\/?page_id=20\">FOTOS<\/p>\n<p><img src='https:\/\/ligamercedina.com\/wp-content\/Dscn0876.jpg' alt='' \/><br \/>\n<strong>(Foto Gentileza Semanaio Protagonistas)<\/strong><\/p>\n<p><img src='https:\/\/ligamercedina.com\/wp-content\/Dscn0884.jpg' alt='' \/><br \/>\n<strong>(Foto Gentileza Semanaio Protagonistas)<\/strong><\/p>\n<p><img src='https:\/\/ligamercedina.com\/wp-content\/Dscn0881.jpg' alt='' \/><br \/>\n<strong>(Foto Gentileza Semanaio Protagonistas)<\/strong><\/p>\n<p><!--more--><\/p>\n<p>FUTBOL INFANTIL<\/p>\n<p>COMUNICACIONES Vs. MERCEDES \u00abA\u00bb<\/p>\n<p>Categ. 98<br \/>\n1<br \/>\n1<\/p>\n<p>Categ. 97<br \/>\n1 Juan Cruz Torres<br \/>\n2 Esteban Bisio y Ariel Sarr\u00eda<\/p>\n<p>Categ. 96<br \/>\n0<br \/>\n0<\/p>\n<p>Categ. 95<br \/>\n1 Lucio Ojeda<br \/>\n0<\/p>\n<p>Categ. 94<br \/>\n0<br \/>\n0<\/p>\n<p>Categ. 93<br \/>\n4 Oscar Retegui, Jorge Balsategui y Franco Suarez (2)<br \/>\n1 Juli\u00e1n Gerardi<\/p>\n<p>Categ. 92<br \/>\n1 Daniel Talavera<br \/>\n1 Francisco Seara<\/p>\n<p>Categ. 91-90<br \/>\n0<br \/>\n8 Facundo C\u00e1mpora (2), Lazaro Lezcano (2), Marcelo Fretes, David Parisso, Sim\u00f3n Fern\u00e1ndez y Mauro Fern\u00e1ndez.<\/p>\n<p>UNION VS.  JUVENTUD DE SUIPACHA<\/p>\n<p>Categ. 98<br \/>\n0<br \/>\n5 Mart\u00edn Nicolini (3) y Santiago Flynn (2)<\/p>\n<p>Categ. 97<br \/>\n0<br \/>\n2 Marcos Sosa y Alejo Perez Zunino<\/p>\n<p>Categ. 96<br \/>\n1 Sebasti\u00e1n Rosales<br \/>\n3 Jonatan D\u00edaz y Bautista Avila (2)<br \/>\n<img src='https:\/\/ligamercedina.com\/wp-content\/Dscn0886.jpg' alt='' \/><br \/>\nCategor\u00eda 97 de Juventud de Suipacha<\/p>\n<p>PRIMERA DIVISION<\/p>\n<p>CLUB MERCEDES: -1-; Javier Casado<br \/>\nPABELLON ARGENTINO: -1-; Juan Roizenblat<\/p>\n<p>ESTUDIANTES: -7-; Ezequiel Van\u00edn (2), Sebasti\u00e1n Filipini, Juli\u00e1n Inzaugarat, Rodrigo Dematey (2) y Joaqu\u00edn Villa<br \/>\nATENEO: -1-; Gabriel Mu\u00f1oz<\/p>\n<p>SAN MARCOS: -4-; Barrientos (2), Auli y Torregrosa<br \/>\nQUILMES: -0-<\/p>\n<p>PALOMETAS: -5-; Juan Pablo Vitetta(2) , Diego Chappe, Juan Ram\u00edrez y Mariano Anido<br \/>\nVELEZ: -0- <\/a><\/strong><\/p>\n","protected":false},"excerpt":{"rendered":"<p>RESULTADOS DE LOS PARTIDOS A JUGADOS SABADO Y DOMINGO DONDE TAMBI\u00c9N FUERON SUSPENDIDOS LOS PARTIDOS ENTRE ESTUDIANTES Y VELEZ SARSFIELD (FUTBOL INFANTIL) RESULTADOS POSICIONES GOLEADORES FOTOS (Foto Gentileza Semanaio Protagonistas) (Foto Gentileza Semanaio Protagonistas) (Foto Gentileza Semanaio Protagonistas)<\/p>\n","protected":false},"author":1,"featured_media":0,"comment_status":"open","ping_status":"open","sticky":false,"template":"","format":"standard","meta":{"footnotes":""},"categories":[4],"tags":[],"class_list":["post-108","post","type-post","status-publish","format-standard","hentry","category-informaciongeneral"],"_links":{"self":[{"href":"https:\/\/ligamercedina.com\/web\/wp-json\/wp\/v2\/posts\/108","targetHints":{"allow":["GET"]}}],"collection":[{"href":"https:\/\/ligamercedina.com\/web\/wp-json\/wp\/v2\/posts"}],"about":[{"href":"https:\/\/ligamercedina.com\/web\/wp-json\/wp\/v2\/types\/post"}],"author":[{"embeddable":true,"href":"https:\/\/ligamercedina.com\/web\/wp-json\/wp\/v2\/users\/1"}],"replies":[{"embeddable":true,"href":"https:\/\/ligamercedina.com\/web\/wp-json\/wp\/v2\/comments?post=108"}],"version-history":[{"count":0,"href":"https:\/\/ligamercedina.com\/web\/wp-json\/wp\/v2\/posts\/108\/revisions"}],"wp:attachment":[{"href":"https:\/\/ligamercedina.com\/web\/wp-json\/wp\/v2\/media?parent=108"}],"wp:term":[{"taxonomy":"category","embeddable":true,"href":"https:\/\/ligamercedina.com\/web\/wp-json\/wp\/v2\/categories?post=108"},{"taxonomy":"post_tag","embeddable":true,"href":"https:\/\/ligamercedina.com\/web\/wp-json\/wp\/v2\/tags?post=108"}],"curies":[{"name":"wp","href":"https:\/\/api.w.org\/{rel}","templated":true}]}}