{"id":1049,"date":"2009-04-20T22:15:16","date_gmt":"2009-04-21T01:15:16","guid":{"rendered":"https:\/\/ligamercedina.com\/?p=1049"},"modified":"2009-04-20T22:15:16","modified_gmt":"2009-04-21T01:15:16","slug":"horarios-para-el-fin-de-semana-solo-futbol-infantil","status":"publish","type":"post","link":"https:\/\/ligamercedina.com\/web\/horarios-para-el-fin-de-semana-solo-futbol-infantil\/","title":{"rendered":"HORARIOS PARA EL FIN DE SEMANA: SOLO FUTBOL INFANTIL"},"content":{"rendered":"<p>Hace instantes, los dirigentes de la Liga confirmaron los horarios de los torneos del Departamento de F\u00fatbol Infantil para el pr\u00f3ximo fin de semana. Se jugar\u00e1 con nuevos horarios.<br \/>\n<em><strong>En cuanto al f\u00fatbol de Primera Division, reci\u00e9n ma\u00f1ana habr\u00e1 definiciones teniendo en cuenta que tambi\u00e9n comenzar\u00e1 el certamen de Reserva y se est\u00e1n analizando diferentes situaciones<\/strong><\/em>.<\/p>\n<p><em><strong>QUILMES VS. EL FRONTON<\/strong><\/em><br \/>\nCategor\u00eda 2001 14 hs.<br \/>\nCategor\u00eda 2000 15 hs.<!--more--><br \/>\nCategor\u00eda    99 16 hs.<br \/>\nCategor\u00eda    98 17 hs.<\/p>\n<p>Categor\u00eda 97: 12 hs.<br \/>\nCategor\u00eda 96: 13 hs.<br \/>\nCategor\u00eda 93-92: 14 hs.<br \/>\nCategor\u00eda 95: 15:45 hs.<br \/>\nCategor\u00eda 94: 17 hs.<\/p>\n<p><em><strong>MERCEDES VS. COMUNICACIONES<\/strong><\/em><br \/>\nEstos partidos se juegan en cancha de Estudiantes<br \/>\nCategor\u00eda 2001 14 hs.<br \/>\nCategor\u00eda 2000 15 hs.<br \/>\nCategor\u00eda    99 16 hs.<br \/>\nCategor\u00eda    98 17 hs.<\/p>\n<p>Categor\u00eda 97: 13 hs.<br \/>\nCategor\u00eda 93-92: 14 hs.<br \/>\nCategor\u00eda 95: 15:45 hs.<br \/>\nCategor\u00eda 94: 17 hs.<\/p>\n<p><em><strong>MERCEDES \u00abA\u00bb VS. JUVENTUD DE SUIPACHA<\/strong><\/em><br \/>\nCategor\u00eda 2001 14 hs.<br \/>\nCategor\u00eda 2000 15 hs.<br \/>\nCategor\u00eda    99 16 hs.<br \/>\nCategor\u00eda    98 17 hs.<\/p>\n<p>Categor\u00eda 97: 12 hs.<br \/>\nCategor\u00eda 96: 13 hs.<br \/>\nCategor\u00eda 93-92: 14 hs.<br \/>\nCategor\u00eda 95: 15:45 hs.<br \/>\nCategor\u00eda 94: 17 hs.<\/p>\n<p><em><strong>UNION VS. ATENEO<\/strong><\/em><br \/>\nCategor\u00eda 2001 14 hs.<br \/>\nCategor\u00eda 2000 15 hs.<br \/>\nCategor\u00eda    99 16 hs.<br \/>\nCategor\u00eda    98 17 hs.<\/p>\n<p>Categor\u00eda 97: 11 hs. (Cancha de de Quilmes)<\/p>\n","protected":false},"excerpt":{"rendered":"<p>Hace instantes, los dirigentes de la Liga confirmaron los horarios de los torneos del Departamento de F\u00fatbol Infantil para el pr\u00f3ximo fin de semana. Se jugar\u00e1 con nuevos horarios. En cuanto al f\u00fatbol de Primera Division, reci\u00e9n ma\u00f1ana habr\u00e1 definiciones teniendo en cuenta que tambi\u00e9n comenzar\u00e1 el certamen de Reserva y se est\u00e1n analizando diferentes situaciones. QUILMES VS. EL FRONTON<\/p>\n","protected":false},"author":1,"featured_media":0,"comment_status":"open","ping_status":"open","sticky":false,"template":"","format":"standard","meta":{"footnotes":""},"categories":[4],"tags":[],"class_list":["post-1049","post","type-post","status-publish","format-standard","hentry","category-informaciongeneral"],"_links":{"self":[{"href":"https:\/\/ligamercedina.com\/web\/wp-json\/wp\/v2\/posts\/1049","targetHints":{"allow":["GET"]}}],"collection":[{"href":"https:\/\/ligamercedina.com\/web\/wp-json\/wp\/v2\/posts"}],"about":[{"href":"https:\/\/ligamercedina.com\/web\/wp-json\/wp\/v2\/types\/post"}],"author":[{"embeddable":true,"href":"https:\/\/ligamercedina.com\/web\/wp-json\/wp\/v2\/users\/1"}],"replies":[{"embeddable":true,"href":"https:\/\/ligamercedina.com\/web\/wp-json\/wp\/v2\/comments?post=1049"}],"version-history":[{"count":7,"href":"https:\/\/ligamercedina.com\/web\/wp-json\/wp\/v2\/posts\/1049\/revisions"}],"predecessor-version":[{"id":1073,"href":"https:\/\/ligamercedina.com\/web\/wp-json\/wp\/v2\/posts\/1049\/revisions\/1073"}],"wp:attachment":[{"href":"https:\/\/ligamercedina.com\/web\/wp-json\/wp\/v2\/media?parent=1049"}],"wp:term":[{"taxonomy":"category","embeddable":true,"href":"https:\/\/ligamercedina.com\/web\/wp-json\/wp\/v2\/categories?post=1049"},{"taxonomy":"post_tag","embeddable":true,"href":"https:\/\/ligamercedina.com\/web\/wp-json\/wp\/v2\/tags?post=1049"}],"curies":[{"name":"wp","href":"https:\/\/api.w.org\/{rel}","templated":true}]}}