{"id":1047,"date":"2009-04-20T19:00:49","date_gmt":"2009-04-20T22:00:49","guid":{"rendered":"https:\/\/ligamercedina.com\/?p=1047"},"modified":"2009-04-20T19:00:49","modified_gmt":"2009-04-20T22:00:49","slug":"esta-noche-se-definen-los-horarios-para-el-fin-de-semana","status":"publish","type":"post","link":"https:\/\/ligamercedina.com\/web\/esta-noche-se-definen-los-horarios-para-el-fin-de-semana\/","title":{"rendered":"ESTA NOCHE SE DEFINEN LOS HORARIOS PARA EL FIN DE SEMANA"},"content":{"rendered":"<blockquote><p><strong>En la noche de este lunes, los dirigentes de la Liga confirmar\u00e1n el programa de partidos para el pr\u00f3ximo fin de semana para todos los cert\u00e1menes. (AMPLIAREMOS POR LA NOCHE)<\/strong><\/p><\/blockquote>\n","protected":false},"excerpt":{"rendered":"<p>En la noche de este lunes, los dirigentes de la Liga confirmar\u00e1n el programa de partidos para el pr\u00f3ximo fin de semana para todos los cert\u00e1menes. (AMPLIAREMOS POR LA NOCHE)<\/p>\n","protected":false},"author":1,"featured_media":0,"comment_status":"open","ping_status":"open","sticky":false,"template":"","format":"standard","meta":{"footnotes":""},"categories":[4],"tags":[],"class_list":["post-1047","post","type-post","status-publish","format-standard","hentry","category-informaciongeneral"],"_links":{"self":[{"href":"https:\/\/ligamercedina.com\/web\/wp-json\/wp\/v2\/posts\/1047","targetHints":{"allow":["GET"]}}],"collection":[{"href":"https:\/\/ligamercedina.com\/web\/wp-json\/wp\/v2\/posts"}],"about":[{"href":"https:\/\/ligamercedina.com\/web\/wp-json\/wp\/v2\/types\/post"}],"author":[{"embeddable":true,"href":"https:\/\/ligamercedina.com\/web\/wp-json\/wp\/v2\/users\/1"}],"replies":[{"embeddable":true,"href":"https:\/\/ligamercedina.com\/web\/wp-json\/wp\/v2\/comments?post=1047"}],"version-history":[{"count":0,"href":"https:\/\/ligamercedina.com\/web\/wp-json\/wp\/v2\/posts\/1047\/revisions"}],"wp:attachment":[{"href":"https:\/\/ligamercedina.com\/web\/wp-json\/wp\/v2\/media?parent=1047"}],"wp:term":[{"taxonomy":"category","embeddable":true,"href":"https:\/\/ligamercedina.com\/web\/wp-json\/wp\/v2\/categories?post=1047"},{"taxonomy":"post_tag","embeddable":true,"href":"https:\/\/ligamercedina.com\/web\/wp-json\/wp\/v2\/tags?post=1047"}],"curies":[{"name":"wp","href":"https:\/\/api.w.org\/{rel}","templated":true}]}}