{"id":100,"date":"2007-06-08T17:38:24","date_gmt":"2007-06-08T20:38:24","guid":{"rendered":"https:\/\/ligamercedina.com\/?p=100"},"modified":"2007-06-08T17:38:24","modified_gmt":"2007-06-08T20:38:24","slug":"en-tercera-suspendido-estudiantes-quilmes","status":"publish","type":"post","link":"https:\/\/ligamercedina.com\/web\/en-tercera-suspendido-estudiantes-quilmes\/","title":{"rendered":"EN TERCERA SUSPENDIDO ESTUDIANTES-QUILMES"},"content":{"rendered":"<p><em><strong>Viernes 8 de junio, 18:35 hs.<\/strong><\/em><br \/>\n<strong>En la tarde de hoy, los dirigentes de la Liga Mercedina decidieron suspender el partido de Tercera Divisi\u00f3n entre Estudiantes y Quilmes programado para las 15 horas de ma\u00f1ana en cancha del pincha.<\/p>\n<p>Los motivos obedecen a la falta de \u00e1rbitros por parte de las dos asociaciones existentes.<br \/>\nDicho encuentro ser\u00eda reprogramado.<\/strong><\/p>\n","protected":false},"excerpt":{"rendered":"<p>Viernes 8 de junio, 18:35 hs. En la tarde de hoy, los dirigentes de la Liga Mercedina decidieron suspender el partido de Tercera Divisi\u00f3n entre Estudiantes y Quilmes programado para las 15 horas de ma\u00f1ana en cancha del pincha. Los motivos obedecen a la falta de \u00e1rbitros por parte de las dos asociaciones existentes. Dicho encuentro ser\u00eda reprogramado.<\/p>\n","protected":false},"author":1,"featured_media":0,"comment_status":"open","ping_status":"open","sticky":false,"template":"","format":"standard","meta":{"footnotes":""},"categories":[4],"tags":[],"class_list":["post-100","post","type-post","status-publish","format-standard","hentry","category-informaciongeneral"],"_links":{"self":[{"href":"https:\/\/ligamercedina.com\/web\/wp-json\/wp\/v2\/posts\/100","targetHints":{"allow":["GET"]}}],"collection":[{"href":"https:\/\/ligamercedina.com\/web\/wp-json\/wp\/v2\/posts"}],"about":[{"href":"https:\/\/ligamercedina.com\/web\/wp-json\/wp\/v2\/types\/post"}],"author":[{"embeddable":true,"href":"https:\/\/ligamercedina.com\/web\/wp-json\/wp\/v2\/users\/1"}],"replies":[{"embeddable":true,"href":"https:\/\/ligamercedina.com\/web\/wp-json\/wp\/v2\/comments?post=100"}],"version-history":[{"count":0,"href":"https:\/\/ligamercedina.com\/web\/wp-json\/wp\/v2\/posts\/100\/revisions"}],"wp:attachment":[{"href":"https:\/\/ligamercedina.com\/web\/wp-json\/wp\/v2\/media?parent=100"}],"wp:term":[{"taxonomy":"category","embeddable":true,"href":"https:\/\/ligamercedina.com\/web\/wp-json\/wp\/v2\/categories?post=100"},{"taxonomy":"post_tag","embeddable":true,"href":"https:\/\/ligamercedina.com\/web\/wp-json\/wp\/v2\/tags?post=100"}],"curies":[{"name":"wp","href":"https:\/\/api.w.org\/{rel}","templated":true}]}}